{"id":8649,"date":"2025-10-08T07:55:07","date_gmt":"2025-10-08T10:55:07","guid":{"rendered":"https:\/\/maisoeste.com.br\/?p=8649"},"modified":"2025-10-08T07:55:09","modified_gmt":"2025-10-08T10:55:09","slug":"policia-civil-cumpre-mandado-de-apreensao-contra-adolescente-envolvido-em-homicidio-em-lem","status":"publish","type":"post","link":"https:\/\/maisoeste.com.br\/?p=8649","title":{"rendered":"Pol\u00edcia Civil cumpre mandado de apreens\u00e3o contra adolescente envolvido em homic\u00eddio em LEM"},"content":{"rendered":"\n<p>Nesta segunda-feira (6), um adolescente de 15 anos foi apreendido em desdobramento da Opera\u00e7\u00e3o Otomano, suspeito de ser autor do ato infracional an\u00e1logo a homic\u00eddio que vitimou o seguran\u00e7a Alef Moura de Ara\u00fajo, de 29 anos. A apreens\u00e3o foi realizada pela Pol\u00edcia Civil da Bahia, em cumprimento a mandado judicial, no munic\u00edpio de Lu\u00eds Eduardo Magalh\u00e3es, no Oeste do estado.<\/p>\n\n\n\n<p>O crime ocorreu em 17 de abril de 2025, quando a v\u00edtima foi atingida por disparos de arma de fogo em frente a uma escola, no bairro Santa Cruz. A a\u00e7\u00e3o de apreens\u00e3o desta segunda-feira d\u00e1 continuidade \u00e0s investiga\u00e7\u00f5es da Pol\u00edcia Civil.<\/p>\n\n\n\n<p>As apura\u00e7\u00f5es indicaram que o crime foi encomendado e motivado por desentendimentos pessoais. O mandante do homic\u00eddio, detido desde junho deste ano, foi identificado como o respons\u00e1vel por contratar um intermedi\u00e1rio, de 36 anos, e o adolescente apreendido, que efetuou os disparos. O intermedi\u00e1rio foi preso pela Pol\u00edcia Civil em 28 de setembro.<\/p>\n\n\n\n<p>De acordo com as investiga\u00e7\u00f5es, tanto o intermedi\u00e1rio quanto o adolescente tinham a promessa de receber um valor em dinheiro para executar o crime. As dilig\u00eancias conduzidas pela Pol\u00edcia Civil, que inclu\u00edram oitivas e an\u00e1lise de c\u00e2meras de seguran\u00e7a e dados telem\u00e1ticos, permitiram a identifica\u00e7\u00e3o de todos os envolvidos.<\/p>\n\n\n\n<p>O adolescente apreendido foi encaminhado para as provid\u00eancias legais cab\u00edveis, devendo responder pelo ato infracional na Vara da Inf\u00e2ncia e Juventude. As equipes da Delegacia Territorial de Lu\u00eds Eduardo Magalh\u00e3es e do N\u00facleo de Homic\u00eddios continuam atuando na conclus\u00e3o dos procedimentos.<\/p>\n\n\n\n<p>Fonte\/\/Ascom-PCBA<\/p>\n","protected":false},"excerpt":{"rendered":"<p>Nesta segunda-feira (6), um adolescente de 15 anos foi apreendido em desdobramento da Opera\u00e7\u00e3o Otomano, suspeito de ser autor do ato infracional an\u00e1logo a homic\u00eddio que vitimou o seguran\u00e7a Alef Moura de Ara\u00fajo, de 29 anos. A apreens\u00e3o foi realizada pela Pol\u00edcia Civil da Bahia, em cumprimento a mandado judicial, no munic\u00edpio de Lu\u00eds Eduardo [&hellip;]<\/p>\n","protected":false},"author":1,"featured_media":8650,"comment_status":"open","ping_status":"closed","sticky":false,"template":"","format":"standard","meta":{"site-sidebar-layout":"default","site-content-layout":"","ast-site-content-layout":"default","site-content-style":"default","site-sidebar-style":"default","ast-global-header-display":"","ast-banner-title-visibility":"","ast-main-header-display":"","ast-hfb-above-header-display":"","ast-hfb-below-header-display":"","ast-hfb-mobile-header-display":"","site-post-title":"","ast-breadcrumbs-content":"","ast-featured-img":"","footer-sml-layout":"","theme-transparent-header-meta":"","adv-header-id-meta":"","stick-header-meta":"","header-above-stick-meta":"","header-main-stick-meta":"","header-below-stick-meta":"","astra-migrate-meta-layouts":"set","ast-page-background-enabled":"default","ast-page-background-meta":{"desktop":{"background-color":"var(--ast-global-color-4)","background-image":"","background-repeat":"repeat","background-position":"center center","background-size":"auto","background-attachment":"scroll","background-type":"","background-media":"","overlay-type":"","overlay-color":"","overlay-opacity":"","overlay-gradient":""},"tablet":{"background-color":"","background-image":"","background-repeat":"repeat","background-position":"center center","background-size":"auto","background-attachment":"scroll","background-type":"","background-media":"","overlay-type":"","overlay-color":"","overlay-opacity":"","overlay-gradient":""},"mobile":{"background-color":"","background-image":"","background-repeat":"repeat","background-position":"center center","background-size":"auto","background-attachment":"scroll","background-type":"","background-media":"","overlay-type":"","overlay-color":"","overlay-opacity":"","overlay-gradient":""}},"ast-content-background-meta":{"desktop":{"background-color":"var(--ast-global-color-5)","background-image":"","background-repeat":"repeat","background-position":"center center","background-size":"auto","background-attachment":"scroll","background-type":"","background-media":"","overlay-type":"","overlay-color":"","overlay-opacity":"","overlay-gradient":""},"tablet":{"background-color":"var(--ast-global-color-5)","background-image":"","background-repeat":"repeat","background-position":"center center","background-size":"auto","background-attachment":"scroll","background-type":"","background-media":"","overlay-type":"","overlay-color":"","overlay-opacity":"","overlay-gradient":""},"mobile":{"background-color":"var(--ast-global-color-5)","background-image":"","background-repeat":"repeat","background-position":"center center","background-size":"auto","background-attachment":"scroll","background-type":"","background-media":"","overlay-type":"","overlay-color":"","overlay-opacity":"","overlay-gradient":""}},"footnotes":""},"categories":[17],"tags":[122],"class_list":["post-8649","post","type-post","status-publish","format-standard","has-post-thumbnail","hentry","category-mundo","tag-manchetes"],"_links":{"self":[{"href":"https:\/\/maisoeste.com.br\/index.php?rest_route=\/wp\/v2\/posts\/8649","targetHints":{"allow":["GET"]}}],"collection":[{"href":"https:\/\/maisoeste.com.br\/index.php?rest_route=\/wp\/v2\/posts"}],"about":[{"href":"https:\/\/maisoeste.com.br\/index.php?rest_route=\/wp\/v2\/types\/post"}],"author":[{"embeddable":true,"href":"https:\/\/maisoeste.com.br\/index.php?rest_route=\/wp\/v2\/users\/1"}],"replies":[{"embeddable":true,"href":"https:\/\/maisoeste.com.br\/index.php?rest_route=%2Fwp%2Fv2%2Fcomments&post=8649"}],"version-history":[{"count":1,"href":"https:\/\/maisoeste.com.br\/index.php?rest_route=\/wp\/v2\/posts\/8649\/revisions"}],"predecessor-version":[{"id":8651,"href":"https:\/\/maisoeste.com.br\/index.php?rest_route=\/wp\/v2\/posts\/8649\/revisions\/8651"}],"wp:featuredmedia":[{"embeddable":true,"href":"https:\/\/maisoeste.com.br\/index.php?rest_route=\/wp\/v2\/media\/8650"}],"wp:attachment":[{"href":"https:\/\/maisoeste.com.br\/index.php?rest_route=%2Fwp%2Fv2%2Fmedia&parent=8649"}],"wp:term":[{"taxonomy":"category","embeddable":true,"href":"https:\/\/maisoeste.com.br\/index.php?rest_route=%2Fwp%2Fv2%2Fcategories&post=8649"},{"taxonomy":"post_tag","embeddable":true,"href":"https:\/\/maisoeste.com.br\/index.php?rest_route=%2Fwp%2Fv2%2Ftags&post=8649"}],"curies":[{"name":"wp","href":"https:\/\/api.w.org\/{rel}","templated":true}]}}