{"id":8661,"date":"2025-10-08T11:14:58","date_gmt":"2025-10-08T14:14:58","guid":{"rendered":"https:\/\/maisoeste.com.br\/?p=8661"},"modified":"2025-10-08T11:15:00","modified_gmt":"2025-10-08T14:15:00","slug":"ratinho-junior-e-o-desafio-da-nacionalizacao-politica-em-2026","status":"publish","type":"post","link":"https:\/\/maisoeste.com.br\/?p=8661","title":{"rendered":"Ratinho J\u00fanior e o desafio da nacionaliza\u00e7\u00e3o pol\u00edtica em 2026"},"content":{"rendered":"\n<p>A poss\u00edvel candidatura do governador do Paran\u00e1, Ratinho J\u00fanior (PSD), \u00e0s elei\u00e7\u00f5es presidenciais de 2026 recoloca em debate um dilema recorrente na pol\u00edtica brasileira: como transformar um capital eleitoral regional em viabilidade nacional. Sua trajet\u00f3ria recente evidencia tanto a for\u00e7a de sua posi\u00e7\u00e3o no cen\u00e1rio estadual quanto as dificuldades de projetar essa influ\u00eancia para al\u00e9m das fronteiras paranaenses.<\/p>\n\n\n\n<p>Reeleito em 2022 com 69,64% dos votos v\u00e1lidos \u2014 o maior percentual da hist\u00f3ria do estado \u2014, Ratinho J\u00fanior consolidou-se como lideran\u00e7a local. O Paran\u00e1, sexto maior col\u00e9gio eleitoral do pa\u00eds, confere-lhe uma base relevante, mas insuficiente para garantir competitividade em uma elei\u00e7\u00e3o presidencial. Os dados das pesquisas Quaest e Atlas\/Intel (setembro de 2025) indicam que, em um eventual confronto direto, Ratinho ainda perderia para o ex-presidente Lula, sinalizando a dificuldade de romper o c\u00edrculo regional.<\/p>\n\n\n\n<p>Sua tentativa de nacionaliza\u00e7\u00e3o no ambiente digital revela os limites dessa estrat\u00e9gia. Embora tenha conquistado mais de 50 mil novos seguidores no Instagram nos \u00faltimos 28 dias e apresentado taxa de engajamento superior \u00e0 de Tarc\u00edsio de Freitas (3,2% contra 1,6%), a performance de suas postagens mais \u201cmem\u00e9ticas\u201d \u2014 como a vers\u00e3o \u201cRatinho Skywalker\u201d \u2014 n\u00e3o teve ader\u00eancia junto ao p\u00fablico, ocupando apenas a 48\u00aa posi\u00e7\u00e3o entre seus conte\u00fados mais engajados. Em contraste, os posts que melhor performaram permanecem ancorados em sua atua\u00e7\u00e3o como governador, centrados em obras, seguran\u00e7a e fam\u00edlia.<\/p>\n\n\n\n<p>Esse dado n\u00e3o \u00e9 trivial. Como apontam autores como Pierre Bourdieu (1996), o campo pol\u00edtico \u00e9 estruturado por diferentes capitais \u2014 econ\u00f4mico, pol\u00edtico, social e simb\u00f3lico \u2014 que precisam ser convertidos em legitimidade nacional. Ratinho J\u00fanior, apesar de bem posicionado na dimens\u00e3o pol\u00edtica (gra\u00e7as ao PSD, partido com forte capilaridade municipal, 15 senadores, 45 deputados federais e mais de 37 milh\u00f5es de brasileiros sob sua gest\u00e3o), ainda enfrenta d\u00e9ficit na dimens\u00e3o simb\u00f3lica: sua imagem \u00e9 percebida como local, e sua narrativa nacional n\u00e3o encontra eco no eleitorado mais amplo.<\/p>\n\n\n\n<p>Al\u00e9m disso, sua vincula\u00e7\u00e3o ao ex-presidente Jair Bolsonaro traz um paradoxo estrat\u00e9gico. De um lado, abre-lhe a possibilidade de herdar parcela significativa do eleitorado bolsonarista, crucial para chegar a um eventual segundo turno. De outro, agrega a rejei\u00e7\u00e3o de cerca de 60% do eleitorado, segundo levantamentos recentes, o que pode restringir seu espa\u00e7o de crescimento no centro pol\u00edtico.<\/p>\n\n\n\n<p>O caso de Ratinho J\u00fanior evidencia, portanto, um fen\u00f4meno recorrente na pol\u00edtica brasileira: o \u201cparadoxo da bolha\u201d. Governadores com grande sucesso regional, ao tentarem projetar-se nacionalmente, descobrem que o capital pol\u00edtico acumulado \u00e9 insuficiente para dialogar com a diversidade do eleitorado nacional. Nesse sentido, sua trajet\u00f3ria pode ser interpretada como um teste para a resili\u00eancia do centro-direita em 2026 \u2014 um campo que, \u00f3rf\u00e3o de lideran\u00e7as consensuais, ainda busca um nome capaz de unificar distintas correntes.<\/p>\n\n\n\n<p>Se a hist\u00f3ria recente da pol\u00edtica brasileira ensina algo, \u00e9 que o \u00eaxito eleitoral em n\u00edvel nacional exige mais do que redes sociais vibrantes ou vota\u00e7\u00f5es estaduais expressivas. Exige, sobretudo, a capacidade de articular uma narrativa abrangente, capaz de ressignificar alian\u00e7as e de dialogar com os m\u00faltiplos \u201cBrasis\u201d que comp\u00f5em o eleitorado. Ratinho J\u00fanior ainda n\u00e3o encontrou essa narrativa.<\/p>\n\n\n\n<p><em><strong>Texto\/\/Yuri Almeida &#8211; professor, estrategista pol\u00edtico e especialista em marketing eleitoral<\/strong><\/em><\/p>\n","protected":false},"excerpt":{"rendered":"<p>A poss\u00edvel candidatura do governador do Paran\u00e1, Ratinho J\u00fanior (PSD), \u00e0s elei\u00e7\u00f5es presidenciais de 2026 recoloca em debate um dilema recorrente na pol\u00edtica brasileira: como transformar um capital eleitoral regional em viabilidade nacional. Sua trajet\u00f3ria recente evidencia tanto a for\u00e7a de sua posi\u00e7\u00e3o no cen\u00e1rio estadual quanto as dificuldades de projetar essa influ\u00eancia para al\u00e9m [&hellip;]<\/p>\n","protected":false},"author":1,"featured_media":8430,"comment_status":"open","ping_status":"closed","sticky":false,"template":"","format":"standard","meta":{"site-sidebar-layout":"default","site-content-layout":"","ast-site-content-layout":"default","site-content-style":"default","site-sidebar-style":"default","ast-global-header-display":"","ast-banner-title-visibility":"","ast-main-header-display":"","ast-hfb-above-header-display":"","ast-hfb-below-header-display":"","ast-hfb-mobile-header-display":"","site-post-title":"","ast-breadcrumbs-content":"","ast-featured-img":"","footer-sml-layout":"","theme-transparent-header-meta":"","adv-header-id-meta":"","stick-header-meta":"","header-above-stick-meta":"","header-main-stick-meta":"","header-below-stick-meta":"","astra-migrate-meta-layouts":"set","ast-page-background-enabled":"default","ast-page-background-meta":{"desktop":{"background-color":"var(--ast-global-color-4)","background-image":"","background-repeat":"repeat","background-position":"center center","background-size":"auto","background-attachment":"scroll","background-type":"","background-media":"","overlay-type":"","overlay-color":"","overlay-opacity":"","overlay-gradient":""},"tablet":{"background-color":"","background-image":"","background-repeat":"repeat","background-position":"center center","background-size":"auto","background-attachment":"scroll","background-type":"","background-media":"","overlay-type":"","overlay-color":"","overlay-opacity":"","overlay-gradient":""},"mobile":{"background-color":"","background-image":"","background-repeat":"repeat","background-position":"center center","background-size":"auto","background-attachment":"scroll","background-type":"","background-media":"","overlay-type":"","overlay-color":"","overlay-opacity":"","overlay-gradient":""}},"ast-content-background-meta":{"desktop":{"background-color":"var(--ast-global-color-5)","background-image":"","background-repeat":"repeat","background-position":"center center","background-size":"auto","background-attachment":"scroll","background-type":"","background-media":"","overlay-type":"","overlay-color":"","overlay-opacity":"","overlay-gradient":""},"tablet":{"background-color":"var(--ast-global-color-5)","background-image":"","background-repeat":"repeat","background-position":"center center","background-size":"auto","background-attachment":"scroll","background-type":"","background-media":"","overlay-type":"","overlay-color":"","overlay-opacity":"","overlay-gradient":""},"mobile":{"background-color":"var(--ast-global-color-5)","background-image":"","background-repeat":"repeat","background-position":"center center","background-size":"auto","background-attachment":"scroll","background-type":"","background-media":"","overlay-type":"","overlay-color":"","overlay-opacity":"","overlay-gradient":""}},"footnotes":""},"categories":[4],"tags":[],"class_list":["post-8661","post","type-post","status-publish","format-standard","has-post-thumbnail","hentry","category-brasil"],"_links":{"self":[{"href":"https:\/\/maisoeste.com.br\/index.php?rest_route=\/wp\/v2\/posts\/8661","targetHints":{"allow":["GET"]}}],"collection":[{"href":"https:\/\/maisoeste.com.br\/index.php?rest_route=\/wp\/v2\/posts"}],"about":[{"href":"https:\/\/maisoeste.com.br\/index.php?rest_route=\/wp\/v2\/types\/post"}],"author":[{"embeddable":true,"href":"https:\/\/maisoeste.com.br\/index.php?rest_route=\/wp\/v2\/users\/1"}],"replies":[{"embeddable":true,"href":"https:\/\/maisoeste.com.br\/index.php?rest_route=%2Fwp%2Fv2%2Fcomments&post=8661"}],"version-history":[{"count":1,"href":"https:\/\/maisoeste.com.br\/index.php?rest_route=\/wp\/v2\/posts\/8661\/revisions"}],"predecessor-version":[{"id":8662,"href":"https:\/\/maisoeste.com.br\/index.php?rest_route=\/wp\/v2\/posts\/8661\/revisions\/8662"}],"wp:featuredmedia":[{"embeddable":true,"href":"https:\/\/maisoeste.com.br\/index.php?rest_route=\/wp\/v2\/media\/8430"}],"wp:attachment":[{"href":"https:\/\/maisoeste.com.br\/index.php?rest_route=%2Fwp%2Fv2%2Fmedia&parent=8661"}],"wp:term":[{"taxonomy":"category","embeddable":true,"href":"https:\/\/maisoeste.com.br\/index.php?rest_route=%2Fwp%2Fv2%2Fcategories&post=8661"},{"taxonomy":"post_tag","embeddable":true,"href":"https:\/\/maisoeste.com.br\/index.php?rest_route=%2Fwp%2Fv2%2Ftags&post=8661"}],"curies":[{"name":"wp","href":"https:\/\/api.w.org\/{rel}","templated":true}]}}