{"id":8668,"date":"2025-10-09T07:35:27","date_gmt":"2025-10-09T10:35:27","guid":{"rendered":"https:\/\/maisoeste.com.br\/?p=8668"},"modified":"2025-10-09T07:35:29","modified_gmt":"2025-10-09T10:35:29","slug":"prefeitura-de-barreiras-requalifica-ponte-na-regiao-do-val-da-boa-esperanca","status":"publish","type":"post","link":"https:\/\/maisoeste.com.br\/?p=8668","title":{"rendered":"Prefeitura de Barreiras requalifica ponte na regi\u00e3o do Val da Boa Esperan\u00e7a"},"content":{"rendered":"\n<p>Os moradores e produtores que circulam do Sucuri\u00fa para Fazendinha e localidades adjacentes, j\u00e1 utilizam desde esta ter\u00e7a-feira (7), a nova estrutura da ponte sobre o Rio de Ondas, na regi\u00e3o do Val da Boa Esperan\u00e7a. A requalifica\u00e7\u00e3o foi realizada pela Prefeitura de Barreiras, por meio da Secretaria de Infraestrutura, Obras, Servi\u00e7os P\u00fablicos e Transportes, garantindo mais seguran\u00e7a e mobilidade aos moradores da zona rural.<\/p>\n\n\n\n<p>As equipes da Infraestrutura executaram um trabalho completo de manuten\u00e7\u00e3o com a substitui\u00e7\u00e3o das t\u00e1buas danificadas, pranch\u00f5es e madeiras de sustenta\u00e7\u00e3o, al\u00e9m da recomposi\u00e7\u00e3o dos guarda-corpos, que se encontravam comprometidos. O resultado \u00e9 uma ponte renovada e pronta para o uso da comunidade, essencial para o deslocamento de pessoas, o escoamento da produ\u00e7\u00e3o e o acesso a servi\u00e7os p\u00fablicos e comerciais.<\/p>\n\n\n\n<p>O secret\u00e1rio de Infraestrutura, Bruno Castro, destacou que a a\u00e7\u00e3o faz parte de um conjunto de interven\u00e7\u00f5es cont\u00ednuas realizadas em diversas comunidades do munic\u00edpio, assegurando mais qualidade de vida e desenvolvimento para quem vive no campo.<\/p>\n\n\n\n<p>\u201cFizemos a requalifica\u00e7\u00e3o da ponte como parte das a\u00e7\u00f5es permanentes da Secretaria de Infraestrutura. Temos um cronograma de manuten\u00e7\u00e3o em andamento, mas, diante de algumas urg\u00eancias, priorizamos locais onde o acesso \u00e9 mais comprometido. A ponte do Sucuri\u00fa para Fazendinha foi requalificada de forma c\u00e9lere para que a popula\u00e7\u00e3o pudesse retomar sua rotina com mais seguran\u00e7a. Pedimos tamb\u00e9m que os moradores respeitem a capacidade de carga da estrutura, evitando o tr\u00e1fego de ve\u00edculos pesados, para garantir maior durabilidade\u201d, explicou o secret\u00e1rio.<\/p>\n\n\n\n<p><strong>Dircom<\/strong><\/p>\n","protected":false},"excerpt":{"rendered":"<p>Os moradores e produtores que circulam do Sucuri\u00fa para Fazendinha e localidades adjacentes, j\u00e1 utilizam desde esta ter\u00e7a-feira (7), a nova estrutura da ponte sobre o Rio de Ondas, na regi\u00e3o do Val da Boa Esperan\u00e7a. A requalifica\u00e7\u00e3o foi realizada pela Prefeitura de Barreiras, por meio da Secretaria de Infraestrutura, Obras, Servi\u00e7os P\u00fablicos e Transportes, [&hellip;]<\/p>\n","protected":false},"author":1,"featured_media":8669,"comment_status":"open","ping_status":"closed","sticky":false,"template":"","format":"standard","meta":{"site-sidebar-layout":"default","site-content-layout":"","ast-site-content-layout":"default","site-content-style":"default","site-sidebar-style":"default","ast-global-header-display":"","ast-banner-title-visibility":"","ast-main-header-display":"","ast-hfb-above-header-display":"","ast-hfb-below-header-display":"","ast-hfb-mobile-header-display":"","site-post-title":"","ast-breadcrumbs-content":"","ast-featured-img":"","footer-sml-layout":"","theme-transparent-header-meta":"","adv-header-id-meta":"","stick-header-meta":"","header-above-stick-meta":"","header-main-stick-meta":"","header-below-stick-meta":"","astra-migrate-meta-layouts":"set","ast-page-background-enabled":"default","ast-page-background-meta":{"desktop":{"background-color":"var(--ast-global-color-4)","background-image":"","background-repeat":"repeat","background-position":"center center","background-size":"auto","background-attachment":"scroll","background-type":"","background-media":"","overlay-type":"","overlay-color":"","overlay-opacity":"","overlay-gradient":""},"tablet":{"background-color":"","background-image":"","background-repeat":"repeat","background-position":"center center","background-size":"auto","background-attachment":"scroll","background-type":"","background-media":"","overlay-type":"","overlay-color":"","overlay-opacity":"","overlay-gradient":""},"mobile":{"background-color":"","background-image":"","background-repeat":"repeat","background-position":"center center","background-size":"auto","background-attachment":"scroll","background-type":"","background-media":"","overlay-type":"","overlay-color":"","overlay-opacity":"","overlay-gradient":""}},"ast-content-background-meta":{"desktop":{"background-color":"var(--ast-global-color-5)","background-image":"","background-repeat":"repeat","background-position":"center center","background-size":"auto","background-attachment":"scroll","background-type":"","background-media":"","overlay-type":"","overlay-color":"","overlay-opacity":"","overlay-gradient":""},"tablet":{"background-color":"var(--ast-global-color-5)","background-image":"","background-repeat":"repeat","background-position":"center center","background-size":"auto","background-attachment":"scroll","background-type":"","background-media":"","overlay-type":"","overlay-color":"","overlay-opacity":"","overlay-gradient":""},"mobile":{"background-color":"var(--ast-global-color-5)","background-image":"","background-repeat":"repeat","background-position":"center center","background-size":"auto","background-attachment":"scroll","background-type":"","background-media":"","overlay-type":"","overlay-color":"","overlay-opacity":"","overlay-gradient":""}},"footnotes":""},"categories":[45],"tags":[122],"class_list":["post-8668","post","type-post","status-publish","format-standard","has-post-thumbnail","hentry","category-esportes","tag-manchetes"],"_links":{"self":[{"href":"https:\/\/maisoeste.com.br\/index.php?rest_route=\/wp\/v2\/posts\/8668","targetHints":{"allow":["GET"]}}],"collection":[{"href":"https:\/\/maisoeste.com.br\/index.php?rest_route=\/wp\/v2\/posts"}],"about":[{"href":"https:\/\/maisoeste.com.br\/index.php?rest_route=\/wp\/v2\/types\/post"}],"author":[{"embeddable":true,"href":"https:\/\/maisoeste.com.br\/index.php?rest_route=\/wp\/v2\/users\/1"}],"replies":[{"embeddable":true,"href":"https:\/\/maisoeste.com.br\/index.php?rest_route=%2Fwp%2Fv2%2Fcomments&post=8668"}],"version-history":[{"count":1,"href":"https:\/\/maisoeste.com.br\/index.php?rest_route=\/wp\/v2\/posts\/8668\/revisions"}],"predecessor-version":[{"id":8670,"href":"https:\/\/maisoeste.com.br\/index.php?rest_route=\/wp\/v2\/posts\/8668\/revisions\/8670"}],"wp:featuredmedia":[{"embeddable":true,"href":"https:\/\/maisoeste.com.br\/index.php?rest_route=\/wp\/v2\/media\/8669"}],"wp:attachment":[{"href":"https:\/\/maisoeste.com.br\/index.php?rest_route=%2Fwp%2Fv2%2Fmedia&parent=8668"}],"wp:term":[{"taxonomy":"category","embeddable":true,"href":"https:\/\/maisoeste.com.br\/index.php?rest_route=%2Fwp%2Fv2%2Fcategories&post=8668"},{"taxonomy":"post_tag","embeddable":true,"href":"https:\/\/maisoeste.com.br\/index.php?rest_route=%2Fwp%2Fv2%2Ftags&post=8668"}],"curies":[{"name":"wp","href":"https:\/\/api.w.org\/{rel}","templated":true}]}}