{"id":8671,"date":"2025-10-09T07:36:09","date_gmt":"2025-10-09T10:36:09","guid":{"rendered":"https:\/\/maisoeste.com.br\/?p=8671"},"modified":"2025-10-09T07:36:11","modified_gmt":"2025-10-09T10:36:11","slug":"cras-iv-realiza-feira-expositiva-em-homenagem-ao-mes-da-pessoa-idosa-em-barreiras","status":"publish","type":"post","link":"https:\/\/maisoeste.com.br\/?p=8671","title":{"rendered":"CRAS IV realiza feira expositiva em homenagem ao M\u00eas da Pessoa Idosa em Barreiras"},"content":{"rendered":"\n<p>Em celebra\u00e7\u00e3o ao M\u00eas da Pessoa Idosa, o Centro de Refer\u00eancia de Assist\u00eancia Social (CRAS IV), localizado no bairro Vila Brasil, realizou nesta quarta-feira (8) a Segunda Feira Expositiva de Artes e Artesanato do grupo Vida Ativa \u2013 M\u00e3os Talentosas. O evento integra a programa\u00e7\u00e3o especial promovida durante todo o m\u00eas de outubro pela Secretaria de Assist\u00eancia Social e Trabalho da Prefeitura de Barreiras, com atividades realizadas em todos os CRAS do munic\u00edpio.<\/p>\n\n\n\n<p>Durante a feira, os idosos atendidos pelo Servi\u00e7o de Conviv\u00eancia e Fortalecimento de V\u00ednculos apresentaram \u00e0 comunidade e aos usu\u00e1rios do equipamento social diversas produ\u00e7\u00f5es art\u00edsticas confeccionadas por eles, como bordados, pinturas e trabalhos manuais, al\u00e9m de apresenta\u00e7\u00f5es culturais, incluindo dan\u00e7as e recitais de poesias.<\/p>\n\n\n\n<p>Junto com a coordenadora do CRAS IV, D\u00e9bora Morais, a secret\u00e1ria de Assist\u00eancia Social e Trabalho, Ivanete Bastos, participou do evento, acompanhou as apresenta\u00e7\u00f5es e destacou a import\u00e2ncia da iniciativa. \u201cO m\u00eas de outubro \u00e9 dedicado \u00e0 valoriza\u00e7\u00e3o da pessoa idosa, e aqui em Barreiras n\u00f3s celebramos essa data com muito carinho e reconhecimento. A feira expositiva do grupo Vida Ativa \u2013 M\u00e3os Talentosas \u00e9 um exemplo de como o servi\u00e7o de conviv\u00eancia fortalece os v\u00ednculos e estimula o protagonismo dos nossos idosos. \u00c9 uma alegria poder participar desse momento, ver o quanto eles s\u00e3o talentosos, entusiasmados e o quanto nos ensinam com sua energia e sabedoria\u201d, destacou.<\/p>\n\n\n\n<p>A programa\u00e7\u00e3o especial segue at\u00e9 o fim do m\u00eas, com atividades culturais, rodas de conversa, oficinas e momentos de conviv\u00eancia nos CRAS de todos os bairros, refor\u00e7ando o compromisso da gest\u00e3o municipal com a inclus\u00e3o, o respeito e a valoriza\u00e7\u00e3o das pessoas idosas.<\/p>\n\n\n\n<p><strong>Dircom<\/strong><\/p>\n","protected":false},"excerpt":{"rendered":"<p>Em celebra\u00e7\u00e3o ao M\u00eas da Pessoa Idosa, o Centro de Refer\u00eancia de Assist\u00eancia Social (CRAS IV), localizado no bairro Vila Brasil, realizou nesta quarta-feira (8) a Segunda Feira Expositiva de Artes e Artesanato do grupo Vida Ativa \u2013 M\u00e3os Talentosas. O evento integra a programa\u00e7\u00e3o especial promovida durante todo o m\u00eas de outubro pela Secretaria [&hellip;]<\/p>\n","protected":false},"author":1,"featured_media":8672,"comment_status":"open","ping_status":"closed","sticky":false,"template":"","format":"standard","meta":{"site-sidebar-layout":"default","site-content-layout":"","ast-site-content-layout":"default","site-content-style":"default","site-sidebar-style":"default","ast-global-header-display":"","ast-banner-title-visibility":"","ast-main-header-display":"","ast-hfb-above-header-display":"","ast-hfb-below-header-display":"","ast-hfb-mobile-header-display":"","site-post-title":"","ast-breadcrumbs-content":"","ast-featured-img":"","footer-sml-layout":"","theme-transparent-header-meta":"","adv-header-id-meta":"","stick-header-meta":"","header-above-stick-meta":"","header-main-stick-meta":"","header-below-stick-meta":"","astra-migrate-meta-layouts":"set","ast-page-background-enabled":"default","ast-page-background-meta":{"desktop":{"background-color":"var(--ast-global-color-4)","background-image":"","background-repeat":"repeat","background-position":"center center","background-size":"auto","background-attachment":"scroll","background-type":"","background-media":"","overlay-type":"","overlay-color":"","overlay-opacity":"","overlay-gradient":""},"tablet":{"background-color":"","background-image":"","background-repeat":"repeat","background-position":"center center","background-size":"auto","background-attachment":"scroll","background-type":"","background-media":"","overlay-type":"","overlay-color":"","overlay-opacity":"","overlay-gradient":""},"mobile":{"background-color":"","background-image":"","background-repeat":"repeat","background-position":"center center","background-size":"auto","background-attachment":"scroll","background-type":"","background-media":"","overlay-type":"","overlay-color":"","overlay-opacity":"","overlay-gradient":""}},"ast-content-background-meta":{"desktop":{"background-color":"var(--ast-global-color-5)","background-image":"","background-repeat":"repeat","background-position":"center center","background-size":"auto","background-attachment":"scroll","background-type":"","background-media":"","overlay-type":"","overlay-color":"","overlay-opacity":"","overlay-gradient":""},"tablet":{"background-color":"var(--ast-global-color-5)","background-image":"","background-repeat":"repeat","background-position":"center center","background-size":"auto","background-attachment":"scroll","background-type":"","background-media":"","overlay-type":"","overlay-color":"","overlay-opacity":"","overlay-gradient":""},"mobile":{"background-color":"var(--ast-global-color-5)","background-image":"","background-repeat":"repeat","background-position":"center center","background-size":"auto","background-attachment":"scroll","background-type":"","background-media":"","overlay-type":"","overlay-color":"","overlay-opacity":"","overlay-gradient":""}},"footnotes":""},"categories":[45],"tags":[122],"class_list":["post-8671","post","type-post","status-publish","format-standard","has-post-thumbnail","hentry","category-esportes","tag-manchetes"],"_links":{"self":[{"href":"https:\/\/maisoeste.com.br\/index.php?rest_route=\/wp\/v2\/posts\/8671","targetHints":{"allow":["GET"]}}],"collection":[{"href":"https:\/\/maisoeste.com.br\/index.php?rest_route=\/wp\/v2\/posts"}],"about":[{"href":"https:\/\/maisoeste.com.br\/index.php?rest_route=\/wp\/v2\/types\/post"}],"author":[{"embeddable":true,"href":"https:\/\/maisoeste.com.br\/index.php?rest_route=\/wp\/v2\/users\/1"}],"replies":[{"embeddable":true,"href":"https:\/\/maisoeste.com.br\/index.php?rest_route=%2Fwp%2Fv2%2Fcomments&post=8671"}],"version-history":[{"count":1,"href":"https:\/\/maisoeste.com.br\/index.php?rest_route=\/wp\/v2\/posts\/8671\/revisions"}],"predecessor-version":[{"id":8673,"href":"https:\/\/maisoeste.com.br\/index.php?rest_route=\/wp\/v2\/posts\/8671\/revisions\/8673"}],"wp:featuredmedia":[{"embeddable":true,"href":"https:\/\/maisoeste.com.br\/index.php?rest_route=\/wp\/v2\/media\/8672"}],"wp:attachment":[{"href":"https:\/\/maisoeste.com.br\/index.php?rest_route=%2Fwp%2Fv2%2Fmedia&parent=8671"}],"wp:term":[{"taxonomy":"category","embeddable":true,"href":"https:\/\/maisoeste.com.br\/index.php?rest_route=%2Fwp%2Fv2%2Fcategories&post=8671"},{"taxonomy":"post_tag","embeddable":true,"href":"https:\/\/maisoeste.com.br\/index.php?rest_route=%2Fwp%2Fv2%2Ftags&post=8671"}],"curies":[{"name":"wp","href":"https:\/\/api.w.org\/{rel}","templated":true}]}}