{"id":8686,"date":"2025-10-09T07:20:00","date_gmt":"2025-10-09T10:20:00","guid":{"rendered":"https:\/\/maisoeste.com.br\/?p=8686"},"modified":"2025-10-09T08:07:29","modified_gmt":"2025-10-09T11:07:29","slug":"comando-de-policiamento-da-regiao-oeste-realiza-parada-geral-em-barreiras","status":"publish","type":"post","link":"https:\/\/maisoeste.com.br\/?p=8686","title":{"rendered":"Comando de Policiamento da Regi\u00e3o Oeste realiza parada geral em Barreiras"},"content":{"rendered":"\n<p>Na manh\u00e3 desta quarta-feira (08), o Comando de Policiamento da Regi\u00e3o Oeste (CPR-O) realizou uma parada geral com o efetivo operacional das unidades do org\u00e2nico sediadas em Barreiras.<\/p>\n\n\n\n<p>Contou com participa\u00e7\u00e3o de representantes da AIBA, os senhores Alo\u00edsio Junior, Gerente de Agroneg\u00f3cio e Luiz Stahlke, Gerente de Infraestrutura , bem como de profissionais do SVP-O.<\/p>\n\n\n\n<p>O encontro foi presidido pelo Cel PM Soares, comandante do CPR-O, que abordou temas de grande relev\u00e2ncia para o planejamento e execu\u00e7\u00e3o das atividades policiais, como a Opera\u00e7\u00e3o Safra 2025\/26, a Portaria n\u00ba 070 CG (MILAE), al\u00e9m de orienta\u00e7\u00f5es sobre gest\u00e3o de frota; Servi\u00e7o de Intelig\u00eancia (COORDOINT) e detalhamento quanto as a\u00e7\u00f5es do Centro de Planejamento Operacional e Decis\u00f5e Estrat\u00e9gicas CPODE pelo Maj PM Aquino.<\/p>\n\n\n\n<p>O momento refor\u00e7ou o compromisso da Pol\u00edcia Militar com a organiza\u00e7\u00e3o, integra\u00e7\u00e3o e efici\u00eancia operacional, visando garantir ainda mais seguran\u00e7a e tranquilidade \u00e0 popula\u00e7\u00e3o do Oeste baiano.<\/p>\n\n\n\n<p>Fonte\/\/CPR-O<\/p>\n","protected":false},"excerpt":{"rendered":"<p>Na manh\u00e3 desta quarta-feira (08), o Comando de Policiamento da Regi\u00e3o Oeste (CPR-O) realizou uma parada geral com o efetivo operacional das unidades do org\u00e2nico sediadas em Barreiras. Contou com participa\u00e7\u00e3o de representantes da AIBA, os senhores Alo\u00edsio Junior, Gerente de Agroneg\u00f3cio e Luiz Stahlke, Gerente de Infraestrutura , bem como de profissionais do SVP-O. [&hellip;]<\/p>\n","protected":false},"author":1,"featured_media":8688,"comment_status":"open","ping_status":"closed","sticky":false,"template":"","format":"standard","meta":{"site-sidebar-layout":"default","site-content-layout":"","ast-site-content-layout":"default","site-content-style":"default","site-sidebar-style":"default","ast-global-header-display":"","ast-banner-title-visibility":"","ast-main-header-display":"","ast-hfb-above-header-display":"","ast-hfb-below-header-display":"","ast-hfb-mobile-header-display":"","site-post-title":"","ast-breadcrumbs-content":"","ast-featured-img":"","footer-sml-layout":"","theme-transparent-header-meta":"","adv-header-id-meta":"","stick-header-meta":"","header-above-stick-meta":"","header-main-stick-meta":"","header-below-stick-meta":"","astra-migrate-meta-layouts":"set","ast-page-background-enabled":"default","ast-page-background-meta":{"desktop":{"background-color":"var(--ast-global-color-4)","background-image":"","background-repeat":"repeat","background-position":"center center","background-size":"auto","background-attachment":"scroll","background-type":"","background-media":"","overlay-type":"","overlay-color":"","overlay-opacity":"","overlay-gradient":""},"tablet":{"background-color":"","background-image":"","background-repeat":"repeat","background-position":"center center","background-size":"auto","background-attachment":"scroll","background-type":"","background-media":"","overlay-type":"","overlay-color":"","overlay-opacity":"","overlay-gradient":""},"mobile":{"background-color":"","background-image":"","background-repeat":"repeat","background-position":"center center","background-size":"auto","background-attachment":"scroll","background-type":"","background-media":"","overlay-type":"","overlay-color":"","overlay-opacity":"","overlay-gradient":""}},"ast-content-background-meta":{"desktop":{"background-color":"var(--ast-global-color-5)","background-image":"","background-repeat":"repeat","background-position":"center center","background-size":"auto","background-attachment":"scroll","background-type":"","background-media":"","overlay-type":"","overlay-color":"","overlay-opacity":"","overlay-gradient":""},"tablet":{"background-color":"var(--ast-global-color-5)","background-image":"","background-repeat":"repeat","background-position":"center center","background-size":"auto","background-attachment":"scroll","background-type":"","background-media":"","overlay-type":"","overlay-color":"","overlay-opacity":"","overlay-gradient":""},"mobile":{"background-color":"var(--ast-global-color-5)","background-image":"","background-repeat":"repeat","background-position":"center center","background-size":"auto","background-attachment":"scroll","background-type":"","background-media":"","overlay-type":"","overlay-color":"","overlay-opacity":"","overlay-gradient":""}},"footnotes":""},"categories":[45],"tags":[122],"class_list":["post-8686","post","type-post","status-publish","format-standard","has-post-thumbnail","hentry","category-esportes","tag-manchetes"],"_links":{"self":[{"href":"https:\/\/maisoeste.com.br\/index.php?rest_route=\/wp\/v2\/posts\/8686","targetHints":{"allow":["GET"]}}],"collection":[{"href":"https:\/\/maisoeste.com.br\/index.php?rest_route=\/wp\/v2\/posts"}],"about":[{"href":"https:\/\/maisoeste.com.br\/index.php?rest_route=\/wp\/v2\/types\/post"}],"author":[{"embeddable":true,"href":"https:\/\/maisoeste.com.br\/index.php?rest_route=\/wp\/v2\/users\/1"}],"replies":[{"embeddable":true,"href":"https:\/\/maisoeste.com.br\/index.php?rest_route=%2Fwp%2Fv2%2Fcomments&post=8686"}],"version-history":[{"count":1,"href":"https:\/\/maisoeste.com.br\/index.php?rest_route=\/wp\/v2\/posts\/8686\/revisions"}],"predecessor-version":[{"id":8689,"href":"https:\/\/maisoeste.com.br\/index.php?rest_route=\/wp\/v2\/posts\/8686\/revisions\/8689"}],"wp:featuredmedia":[{"embeddable":true,"href":"https:\/\/maisoeste.com.br\/index.php?rest_route=\/wp\/v2\/media\/8688"}],"wp:attachment":[{"href":"https:\/\/maisoeste.com.br\/index.php?rest_route=%2Fwp%2Fv2%2Fmedia&parent=8686"}],"wp:term":[{"taxonomy":"category","embeddable":true,"href":"https:\/\/maisoeste.com.br\/index.php?rest_route=%2Fwp%2Fv2%2Fcategories&post=8686"},{"taxonomy":"post_tag","embeddable":true,"href":"https:\/\/maisoeste.com.br\/index.php?rest_route=%2Fwp%2Fv2%2Ftags&post=8686"}],"curies":[{"name":"wp","href":"https:\/\/api.w.org\/{rel}","templated":true}]}}