{"id":885,"date":"2024-12-20T19:07:54","date_gmt":"2024-12-20T22:07:54","guid":{"rendered":"https:\/\/maisoeste.com.br\/?p=885"},"modified":"2024-12-21T17:53:47","modified_gmt":"2024-12-21T20:53:47","slug":"vereador-eleito-daniel-monteiro-e-mais-jovem-do-parlamento-municipal-cuiabano","status":"publish","type":"post","link":"https:\/\/maisoeste.com.br\/?p=885","title":{"rendered":"Vereador eleito Daniel Monteiro \u00e9 o mais jovem do parlamento municipal cuiabano"},"content":{"rendered":"\n<p>Da Reda\u00e7\u00e3o\/CPANEWS<\/p>\n\n\n\n<p><strong>Elei\u00e7\u00f5es em Cuiab\u00e1: conhe\u00e7a o mais jovem vereador eleito da Capital &#8211; Daniel Monteiro<\/strong><\/p>\n\n\n\n<p>Nas elei\u00e7\u00f5es realizadas em Cuiab\u00e1, a nova C\u00e2mara Municipal contar\u00e1 com uma diversidade et\u00e1ria significativa entre os 27 vereadores eleitos para o mandato que se iniciar\u00e1 em 2025. Dentre eles o estreante o mais jovem Daniel Monteiro, com 29 anos de idade. <\/p>\n\n\n\n<p><strong>Quem \u00e9 Daniel Monteiro? <\/strong><\/p>\n\n\n\n<p>Daniel Monteiro tem 29 anos, \u00e9 filho de Ricardo Monteiro e Luci Monteiro nascido e criado em Cuiab\u00e1. Desde pequeno, Daniel desenvolveu um profundo amor por sua cidade natal, apreciando suas tradi\u00e7\u00f5es, cultura e, principalmente, seu povo. Desde jovem, Daniel demonstrou uma profunda paix\u00e3o pela educa\u00e7\u00e3o, chegando a alfabetizar uma pessoa. Graduado em Direito em Campinas, ele tamb\u00e9m atuou como professor universit\u00e1rio e foi gestor da SEDUC por tr\u00eas anos, sempre comprometido com a transforma\u00e7\u00e3o atrav\u00e9s do conhecimento.<\/p>\n\n\n\n<p>Daniel, ingressou no curso de Direito em Campinas, onde rapidamente se destacou por sua dedica\u00e7\u00e3o e excel\u00eancia acad\u00eamica. Ap\u00f3s concluir a gradua\u00e7\u00e3o, tornou-se um advogado respeitado e reconhecido por sua compet\u00eancia e \u00e9tica profissional.<\/p>\n\n\n\n<p>Dentre suas prioridades na sua atua\u00e7\u00e3o parlamentar ser\u00e1 a Educa\u00e7\u00e3o e o Meio Ambiente, mais tamb\u00e9m quer atuar em \u00e1reas importantes como a discuss\u00e3o e de um novo plano Diretor para a Cidade de Cuiab\u00e1, dentre outros pautas de interesse da sociedade cuiabana. <\/p>\n\n\n\n<p>O parlamentar representa essa nova gera\u00e7\u00e3o de pol\u00edticos cuiabanos. Daniel Monteiro foi eleito pelo Republicanos que assumir\u00e1 seu primeiro mandato no dia 1\u00ba de Janeiro de 2025, trazendo uma nova perspectiva para a pol\u00edtica municipal.<\/p>\n\n\n\n<p><strong>Saiba a idade dos vereadores eleitos em Cuiab\u00e1:<\/strong><\/p>\n\n\n\n<ul class=\"wp-block-list\">\n<li>Chico 2000 (PL) \u2013 69 anos<\/li>\n\n\n\n<li>Maria Avalone (PSDB) \u2013 66 anos<\/li>\n\n\n\n<li>Demilson Nogueira (PP) \u2013 62 anos<\/li>\n\n\n\n<li>Baixinha Giraldelli (Solidariedade) \u2013 62 anos<\/li>\n\n\n\n<li>Adevair Cabral (Solidariedade) \u2013 59 anos<\/li>\n\n\n\n<li>Dilemario Alencar (Uni\u00e3o) \u2013 58 anos<\/li>\n\n\n\n<li>Mario Nadaf (PV) \u2013 58 anos<\/li>\n\n\n\n<li>Paula Calil (PL) \u2013 52 anos<\/li>\n\n\n\n<li>Wilson Kero Kero (PMB) \u2013 52 anos<\/li>\n\n\n\n<li>Marcrean Santos (MDB) \u2013 51 anos<\/li>\n\n\n\n<li>Dra. Mara (Podemos) \u2013 51 anos<\/li>\n\n\n\n<li>Sargento Joelson (PSB) \u2013 47 anos<\/li>\n\n\n\n<li>Rafael Ranalli (PL) \u2013 45 anos<\/li>\n\n\n\n<li>Eduardo Magalh\u00e3es (Republicanos) \u2013 45 anos<\/li>\n\n\n\n<li>Kassio Coelho (Podemos) \u2013 45 anos<\/li>\n\n\n\n<li>D\u00eddimo Vov\u00f4 (PSB) \u2013 45 anos<\/li>\n\n\n\n<li>Maysa Le\u00e3o (Republicanos) \u2013 44 anos<\/li>\n\n\n\n<li>Cezinha Nascimento (Uni\u00e3o) \u2013 44 anos<\/li>\n\n\n\n<li>Katiuscia (PSB) \u2013 42 anos<\/li>\n\n\n\n<li>Michelly Alencar (Uni\u00e3o) \u2013 41 anos<\/li>\n\n\n\n<li>T. Coronel Dias (Cidadania) \u2013 41 anos<\/li>\n\n\n\n<li>Jeferson Siqueira (PSB) \u2013 41 anos<\/li>\n\n\n\n<li>Samantha Iris (PL) \u2013 40 anos<\/li>\n\n\n\n<li>Marcus Brito Jr. (PV) \u2013 40 anos<\/li>\n\n\n\n<li>Ilde Taques (PSB) \u2013 38 anos<\/li>\n\n\n\n<li>Alex Rodrigues (PV) \u2013 36 anos<\/li>\n\n\n\n<li><strong>Daniel Monteiro (Republicanos) \u2013 29 anos<\/strong><\/li>\n<\/ul>\n\n\n\n<p><\/p>\n","protected":false},"excerpt":{"rendered":"<p>Da Reda\u00e7\u00e3o\/CPANEWS Elei\u00e7\u00f5es em Cuiab\u00e1: conhe\u00e7a o mais jovem vereador eleito da Capital &#8211; Daniel Monteiro Nas elei\u00e7\u00f5es realizadas em Cuiab\u00e1, a nova C\u00e2mara Municipal contar\u00e1 com uma diversidade et\u00e1ria significativa entre os 27 vereadores eleitos para o mandato que se iniciar\u00e1 em 2025. Dentre eles o estreante o mais jovem Daniel Monteiro, com 29 [&hellip;]<\/p>\n","protected":false},"author":1,"featured_media":886,"comment_status":"open","ping_status":"closed","sticky":false,"template":"","format":"standard","meta":{"site-sidebar-layout":"default","site-content-layout":"","ast-site-content-layout":"default","site-content-style":"default","site-sidebar-style":"default","ast-global-header-display":"","ast-banner-title-visibility":"","ast-main-header-display":"","ast-hfb-above-header-display":"","ast-hfb-below-header-display":"","ast-hfb-mobile-header-display":"","site-post-title":"","ast-breadcrumbs-content":"","ast-featured-img":"disabled","footer-sml-layout":"","theme-transparent-header-meta":"","adv-header-id-meta":"","stick-header-meta":"","header-above-stick-meta":"","header-main-stick-meta":"","header-below-stick-meta":"","astra-migrate-meta-layouts":"set","ast-page-background-enabled":"default","ast-page-background-meta":{"desktop":{"background-color":"var(--ast-global-color-4)","background-image":"","background-repeat":"repeat","background-position":"center center","background-size":"auto","background-attachment":"scroll","background-type":"","background-media":"","overlay-type":"","overlay-color":"","overlay-opacity":"","overlay-gradient":""},"tablet":{"background-color":"","background-image":"","background-repeat":"repeat","background-position":"center center","background-size":"auto","background-attachment":"scroll","background-type":"","background-media":"","overlay-type":"","overlay-color":"","overlay-opacity":"","overlay-gradient":""},"mobile":{"background-color":"","background-image":"","background-repeat":"repeat","background-position":"center center","background-size":"auto","background-attachment":"scroll","background-type":"","background-media":"","overlay-type":"","overlay-color":"","overlay-opacity":"","overlay-gradient":""}},"ast-content-background-meta":{"desktop":{"background-color":"var(--ast-global-color-5)","background-image":"","background-repeat":"repeat","background-position":"center center","background-size":"auto","background-attachment":"scroll","background-type":"","background-media":"","overlay-type":"","overlay-color":"","overlay-opacity":"","overlay-gradient":""},"tablet":{"background-color":"var(--ast-global-color-5)","background-image":"","background-repeat":"repeat","background-position":"center center","background-size":"auto","background-attachment":"scroll","background-type":"","background-media":"","overlay-type":"","overlay-color":"","overlay-opacity":"","overlay-gradient":""},"mobile":{"background-color":"var(--ast-global-color-5)","background-image":"","background-repeat":"repeat","background-position":"center center","background-size":"auto","background-attachment":"scroll","background-type":"","background-media":"","overlay-type":"","overlay-color":"","overlay-opacity":"","overlay-gradient":""}},"footnotes":""},"categories":[1],"tags":[],"class_list":["post-885","post","type-post","status-publish","format-standard","has-post-thumbnail","hentry","category-sem-categoria"],"_links":{"self":[{"href":"https:\/\/maisoeste.com.br\/index.php?rest_route=\/wp\/v2\/posts\/885","targetHints":{"allow":["GET"]}}],"collection":[{"href":"https:\/\/maisoeste.com.br\/index.php?rest_route=\/wp\/v2\/posts"}],"about":[{"href":"https:\/\/maisoeste.com.br\/index.php?rest_route=\/wp\/v2\/types\/post"}],"author":[{"embeddable":true,"href":"https:\/\/maisoeste.com.br\/index.php?rest_route=\/wp\/v2\/users\/1"}],"replies":[{"embeddable":true,"href":"https:\/\/maisoeste.com.br\/index.php?rest_route=%2Fwp%2Fv2%2Fcomments&post=885"}],"version-history":[{"count":2,"href":"https:\/\/maisoeste.com.br\/index.php?rest_route=\/wp\/v2\/posts\/885\/revisions"}],"predecessor-version":[{"id":888,"href":"https:\/\/maisoeste.com.br\/index.php?rest_route=\/wp\/v2\/posts\/885\/revisions\/888"}],"wp:featuredmedia":[{"embeddable":true,"href":"https:\/\/maisoeste.com.br\/index.php?rest_route=\/wp\/v2\/media\/886"}],"wp:attachment":[{"href":"https:\/\/maisoeste.com.br\/index.php?rest_route=%2Fwp%2Fv2%2Fmedia&parent=885"}],"wp:term":[{"taxonomy":"category","embeddable":true,"href":"https:\/\/maisoeste.com.br\/index.php?rest_route=%2Fwp%2Fv2%2Fcategories&post=885"},{"taxonomy":"post_tag","embeddable":true,"href":"https:\/\/maisoeste.com.br\/index.php?rest_route=%2Fwp%2Fv2%2Ftags&post=885"}],"curies":[{"name":"wp","href":"https:\/\/api.w.org\/{rel}","templated":true}]}}