{"id":8874,"date":"2025-10-16T07:32:06","date_gmt":"2025-10-16T10:32:06","guid":{"rendered":"https:\/\/maisoeste.com.br\/?p=8874"},"modified":"2025-10-16T07:32:08","modified_gmt":"2025-10-16T10:32:08","slug":"tarifa-de-trump-trava-exportacoes-e-forca-brasil-a-buscar-novos-mercados","status":"publish","type":"post","link":"https:\/\/maisoeste.com.br\/?p=8874","title":{"rendered":"Tarifa de Trump trava exporta\u00e7\u00f5es e for\u00e7a Brasil a buscar novos mercados"},"content":{"rendered":"\n<p>A aproxima\u00e7\u00e3o recente\u00a0entre os presidentes dos Estados Unidos,\u00a0Donald Trump, e do Brasil,\u00a0Luiz In\u00e1cio Lula da Silva\u00a0(PT), reacendeu a esperan\u00e7a de um novo acordo comercial entre os dois pa\u00edses, ap\u00f3s mais de dois meses de\u00a0sobretaxa de 50% sobre produtos brasileiros.<\/p>\n\n\n\n<p>A expectativa \u00e9 que a reuni\u00e3o entre o secret\u00e1rio de Estados dos EUA,\u00a0Marco Rubio, e o ministro das Rela\u00e7\u00f5es Exteriores, Mauro Vieira,\u00a0prevista para acontecer nesta quinta-feira (16), abra caminho para uma negocia\u00e7\u00e3o das taxas, com um desfecho mais favor\u00e1vel para o Brasil.<\/p>\n\n\n\n<p>Enquanto um novo acordo n\u00e3o \u00e9 firmado, no entanto,&nbsp;<strong>as empresas brasileiras continuam a sentir o impacto das taxas<\/strong>&nbsp;\u2014 e&nbsp;seguem em busca de alternativas para lidar com o impasse comercial.<\/p>\n\n\n\n<p>Os efeitos das tarifas por aqui s\u00e3o diversos. No Cear\u00e1, por exemplo, f\u00e1bricas precisaram\u00a0cortar gastos\u00a0enquanto procuram novos clientes na Europa e na \u00c1sia para escoar seus produtos.<\/p>\n\n\n\n<p>J\u00e1 em Minas Gerais, produtores\u00a0perderam contratos\u00a0com os EUA e enviaram amostras a empresas da Noruega e de Dubai, na tentativa de evitar preju\u00edzos. Enquanto isso, as\u00a0lagostas, tradicionalmente vendidas ao mercado norte-americano, permanecem estocadas, \u00e0 espera de compradores na China.<\/p>\n\n\n\n<p>Esse cen\u00e1rio mostra que redirecionar exporta\u00e7\u00f5es dos EUA para outros mercados n\u00e3o \u00e9 uma tarefa simples \u2014 e, segundo especialistas consultado pelo\u00a0<strong>g1<\/strong>, revela falhas na pol\u00edtica de com\u00e9rcio exterior do Brasil, ainda vista como defasada.<\/p>\n\n\n\n<p>Entenda nesta reportagem a rela\u00e7\u00e3o comercial entre o Brasil e os EUA, os motivos que t\u00eam dificultado a exporta\u00e7\u00e3o para outros pa\u00edses por parte das empresas brasileiras e o que esperar da reuni\u00e3o prevista para esta quinta-feira (16).<\/p>\n\n\n\n<p>Fonte\/\/G1<\/p>\n","protected":false},"excerpt":{"rendered":"<p>A aproxima\u00e7\u00e3o recente\u00a0entre os presidentes dos Estados Unidos,\u00a0Donald Trump, e do Brasil,\u00a0Luiz In\u00e1cio Lula da Silva\u00a0(PT), reacendeu a esperan\u00e7a de um novo acordo comercial entre os dois pa\u00edses, ap\u00f3s mais de dois meses de\u00a0sobretaxa de 50% sobre produtos brasileiros. A expectativa \u00e9 que a reuni\u00e3o entre o secret\u00e1rio de Estados dos EUA,\u00a0Marco Rubio, e o [&hellip;]<\/p>\n","protected":false},"author":1,"featured_media":8875,"comment_status":"open","ping_status":"closed","sticky":false,"template":"","format":"standard","meta":{"site-sidebar-layout":"default","site-content-layout":"","ast-site-content-layout":"default","site-content-style":"default","site-sidebar-style":"default","ast-global-header-display":"","ast-banner-title-visibility":"","ast-main-header-display":"","ast-hfb-above-header-display":"","ast-hfb-below-header-display":"","ast-hfb-mobile-header-display":"","site-post-title":"","ast-breadcrumbs-content":"","ast-featured-img":"","footer-sml-layout":"","theme-transparent-header-meta":"","adv-header-id-meta":"","stick-header-meta":"","header-above-stick-meta":"","header-main-stick-meta":"","header-below-stick-meta":"","astra-migrate-meta-layouts":"set","ast-page-background-enabled":"default","ast-page-background-meta":{"desktop":{"background-color":"var(--ast-global-color-4)","background-image":"","background-repeat":"repeat","background-position":"center center","background-size":"auto","background-attachment":"scroll","background-type":"","background-media":"","overlay-type":"","overlay-color":"","overlay-opacity":"","overlay-gradient":""},"tablet":{"background-color":"","background-image":"","background-repeat":"repeat","background-position":"center center","background-size":"auto","background-attachment":"scroll","background-type":"","background-media":"","overlay-type":"","overlay-color":"","overlay-opacity":"","overlay-gradient":""},"mobile":{"background-color":"","background-image":"","background-repeat":"repeat","background-position":"center center","background-size":"auto","background-attachment":"scroll","background-type":"","background-media":"","overlay-type":"","overlay-color":"","overlay-opacity":"","overlay-gradient":""}},"ast-content-background-meta":{"desktop":{"background-color":"var(--ast-global-color-5)","background-image":"","background-repeat":"repeat","background-position":"center center","background-size":"auto","background-attachment":"scroll","background-type":"","background-media":"","overlay-type":"","overlay-color":"","overlay-opacity":"","overlay-gradient":""},"tablet":{"background-color":"var(--ast-global-color-5)","background-image":"","background-repeat":"repeat","background-position":"center center","background-size":"auto","background-attachment":"scroll","background-type":"","background-media":"","overlay-type":"","overlay-color":"","overlay-opacity":"","overlay-gradient":""},"mobile":{"background-color":"var(--ast-global-color-5)","background-image":"","background-repeat":"repeat","background-position":"center center","background-size":"auto","background-attachment":"scroll","background-type":"","background-media":"","overlay-type":"","overlay-color":"","overlay-opacity":"","overlay-gradient":""}},"footnotes":""},"categories":[37],"tags":[],"class_list":["post-8874","post","type-post","status-publish","format-standard","has-post-thumbnail","hentry","category-negocios"],"_links":{"self":[{"href":"https:\/\/maisoeste.com.br\/index.php?rest_route=\/wp\/v2\/posts\/8874","targetHints":{"allow":["GET"]}}],"collection":[{"href":"https:\/\/maisoeste.com.br\/index.php?rest_route=\/wp\/v2\/posts"}],"about":[{"href":"https:\/\/maisoeste.com.br\/index.php?rest_route=\/wp\/v2\/types\/post"}],"author":[{"embeddable":true,"href":"https:\/\/maisoeste.com.br\/index.php?rest_route=\/wp\/v2\/users\/1"}],"replies":[{"embeddable":true,"href":"https:\/\/maisoeste.com.br\/index.php?rest_route=%2Fwp%2Fv2%2Fcomments&post=8874"}],"version-history":[{"count":1,"href":"https:\/\/maisoeste.com.br\/index.php?rest_route=\/wp\/v2\/posts\/8874\/revisions"}],"predecessor-version":[{"id":8876,"href":"https:\/\/maisoeste.com.br\/index.php?rest_route=\/wp\/v2\/posts\/8874\/revisions\/8876"}],"wp:featuredmedia":[{"embeddable":true,"href":"https:\/\/maisoeste.com.br\/index.php?rest_route=\/wp\/v2\/media\/8875"}],"wp:attachment":[{"href":"https:\/\/maisoeste.com.br\/index.php?rest_route=%2Fwp%2Fv2%2Fmedia&parent=8874"}],"wp:term":[{"taxonomy":"category","embeddable":true,"href":"https:\/\/maisoeste.com.br\/index.php?rest_route=%2Fwp%2Fv2%2Fcategories&post=8874"},{"taxonomy":"post_tag","embeddable":true,"href":"https:\/\/maisoeste.com.br\/index.php?rest_route=%2Fwp%2Fv2%2Ftags&post=8874"}],"curies":[{"name":"wp","href":"https:\/\/api.w.org\/{rel}","templated":true}]}}