{"id":8877,"date":"2025-10-16T07:30:00","date_gmt":"2025-10-16T10:30:00","guid":{"rendered":"https:\/\/maisoeste.com.br\/?p=8877"},"modified":"2025-10-16T07:50:01","modified_gmt":"2025-10-16T10:50:01","slug":"governo-da-bahia-realiza-mudancas-no-comando-da-policia-militar-no-oeste","status":"publish","type":"post","link":"https:\/\/maisoeste.com.br\/?p=8877","title":{"rendered":"Governo da Bahia realiza mudan\u00e7as no comando da Pol\u00edcia Militar no Oeste"},"content":{"rendered":"\n<p>Na edi\u00e7\u00e3o desta quarta-feira (15) do Di\u00e1rio Oficial, o Governo da Bahia publicou uma s\u00e9rie de mudan\u00e7as no comando de unidades da Pol\u00edcia Militar na regi\u00e3o Oeste. As altera\u00e7\u00f5es abrangem a 30\u00aa CIPM de Santa Maria da Vit\u00f3ria, a 83\u00aa CIPM de Barreiras, a CIPE Cerrado, o subcomando da 28\u00aa CIPM de Ibotirama e a CIPT \u2013 Meio Oeste. <\/p>\n\n\n\n<p>As mudan\u00e7as aconteceram tamb\u00e9m em regi\u00f5es do estado e teve como objetivo otimizar a gest\u00e3o operacional, fortalecer o comando e aprimorar a efici\u00eancia das a\u00e7\u00f5es de seguran\u00e7a p\u00fablica em toda a Bahia.<\/p>\n\n\n\n<p>Foram exonerados dos respectivos cargos:<\/p>\n\n\n\n<ul class=\"wp-block-list\">\n<li>Major QOPM C\u00edcero Adson de Jesus Quesado, comandante da 30\u00aa CIPM\/Santa Maria da Vit\u00f3ria<\/li>\n\n\n\n<li>Major QOPM Giovanni Castro Damasceno, comandante da CIPE Cerrado<\/li>\n\n\n\n<li>Major QOPM \u00c9der Silveira Ros\u00e1rio, comandante da 83\u00aa CIPM\/Barreiras<\/li>\n\n\n\n<li>Capit\u00e3o QOPM Eliotero Peixinho de Souza, subcomandante da 28\u00aa CIPM\/Ibotirama<\/li>\n\n\n\n<li>Capit\u00e3o QOPM Virg\u00edlio Oliveira Souza, subcomandante da CIPT \u2013 Meio Oeste<\/li>\n<\/ul>\n\n\n\n<p>Nos cargos vagos, o Estado nomeou novos oficiais:<\/p>\n\n\n\n<ul class=\"wp-block-list\">\n<li>Major Cristiano Andrade da Gama assume o comando da 83\u00aa CIPM\/Barreiras<\/li>\n\n\n\n<li>Major C\u00edcero Adson de Jesus Quesado passa a comandar a CIPE Cerrado<\/li>\n\n\n\n<li>Major Jonathan da Silva Ribeiro Mocita\u00edba assume o comando da 30\u00aa CIPM\/Santa Maria da Vit\u00f3ria<\/li>\n\n\n\n<li>Major Giovanni Castro Damasceno foi designado subcomandante do 27\u00ba BPM\/Lu\u00eds Eduardo Magalh\u00e3es<\/li>\n\n\n\n<li>Capit\u00e3o Anderson Luiz Soares Silva ocupar\u00e1 o cargo de Coordenador II do Comando de Policiamento da Regi\u00e3o Meio Oeste<\/li>\n\n\n\n<li>Capit\u00e3o Alisson F\u00e9lix Silva dos Santos assumir\u00e1 o cargo de Subcomandante da Companhia Independente de Policiamento T\u00e1tico da Regi\u00e3o Meio Oeste.<\/li>\n<\/ul>\n\n\n\n<p><\/p>\n","protected":false},"excerpt":{"rendered":"<p>Na edi\u00e7\u00e3o desta quarta-feira (15) do Di\u00e1rio Oficial, o Governo da Bahia publicou uma s\u00e9rie de mudan\u00e7as no comando de unidades da Pol\u00edcia Militar na regi\u00e3o Oeste. As altera\u00e7\u00f5es abrangem a 30\u00aa CIPM de Santa Maria da Vit\u00f3ria, a 83\u00aa CIPM de Barreiras, a CIPE Cerrado, o subcomando da 28\u00aa CIPM de Ibotirama e a [&hellip;]<\/p>\n","protected":false},"author":1,"featured_media":8878,"comment_status":"open","ping_status":"closed","sticky":false,"template":"","format":"standard","meta":{"site-sidebar-layout":"default","site-content-layout":"","ast-site-content-layout":"default","site-content-style":"default","site-sidebar-style":"default","ast-global-header-display":"","ast-banner-title-visibility":"","ast-main-header-display":"","ast-hfb-above-header-display":"","ast-hfb-below-header-display":"","ast-hfb-mobile-header-display":"","site-post-title":"","ast-breadcrumbs-content":"","ast-featured-img":"","footer-sml-layout":"","theme-transparent-header-meta":"","adv-header-id-meta":"","stick-header-meta":"","header-above-stick-meta":"","header-main-stick-meta":"","header-below-stick-meta":"","astra-migrate-meta-layouts":"set","ast-page-background-enabled":"default","ast-page-background-meta":{"desktop":{"background-color":"var(--ast-global-color-4)","background-image":"","background-repeat":"repeat","background-position":"center center","background-size":"auto","background-attachment":"scroll","background-type":"","background-media":"","overlay-type":"","overlay-color":"","overlay-opacity":"","overlay-gradient":""},"tablet":{"background-color":"","background-image":"","background-repeat":"repeat","background-position":"center center","background-size":"auto","background-attachment":"scroll","background-type":"","background-media":"","overlay-type":"","overlay-color":"","overlay-opacity":"","overlay-gradient":""},"mobile":{"background-color":"","background-image":"","background-repeat":"repeat","background-position":"center center","background-size":"auto","background-attachment":"scroll","background-type":"","background-media":"","overlay-type":"","overlay-color":"","overlay-opacity":"","overlay-gradient":""}},"ast-content-background-meta":{"desktop":{"background-color":"var(--ast-global-color-5)","background-image":"","background-repeat":"repeat","background-position":"center center","background-size":"auto","background-attachment":"scroll","background-type":"","background-media":"","overlay-type":"","overlay-color":"","overlay-opacity":"","overlay-gradient":""},"tablet":{"background-color":"var(--ast-global-color-5)","background-image":"","background-repeat":"repeat","background-position":"center center","background-size":"auto","background-attachment":"scroll","background-type":"","background-media":"","overlay-type":"","overlay-color":"","overlay-opacity":"","overlay-gradient":""},"mobile":{"background-color":"var(--ast-global-color-5)","background-image":"","background-repeat":"repeat","background-position":"center center","background-size":"auto","background-attachment":"scroll","background-type":"","background-media":"","overlay-type":"","overlay-color":"","overlay-opacity":"","overlay-gradient":""}},"footnotes":""},"categories":[45],"tags":[],"class_list":["post-8877","post","type-post","status-publish","format-standard","has-post-thumbnail","hentry","category-esportes"],"_links":{"self":[{"href":"https:\/\/maisoeste.com.br\/index.php?rest_route=\/wp\/v2\/posts\/8877","targetHints":{"allow":["GET"]}}],"collection":[{"href":"https:\/\/maisoeste.com.br\/index.php?rest_route=\/wp\/v2\/posts"}],"about":[{"href":"https:\/\/maisoeste.com.br\/index.php?rest_route=\/wp\/v2\/types\/post"}],"author":[{"embeddable":true,"href":"https:\/\/maisoeste.com.br\/index.php?rest_route=\/wp\/v2\/users\/1"}],"replies":[{"embeddable":true,"href":"https:\/\/maisoeste.com.br\/index.php?rest_route=%2Fwp%2Fv2%2Fcomments&post=8877"}],"version-history":[{"count":1,"href":"https:\/\/maisoeste.com.br\/index.php?rest_route=\/wp\/v2\/posts\/8877\/revisions"}],"predecessor-version":[{"id":8879,"href":"https:\/\/maisoeste.com.br\/index.php?rest_route=\/wp\/v2\/posts\/8877\/revisions\/8879"}],"wp:featuredmedia":[{"embeddable":true,"href":"https:\/\/maisoeste.com.br\/index.php?rest_route=\/wp\/v2\/media\/8878"}],"wp:attachment":[{"href":"https:\/\/maisoeste.com.br\/index.php?rest_route=%2Fwp%2Fv2%2Fmedia&parent=8877"}],"wp:term":[{"taxonomy":"category","embeddable":true,"href":"https:\/\/maisoeste.com.br\/index.php?rest_route=%2Fwp%2Fv2%2Fcategories&post=8877"},{"taxonomy":"post_tag","embeddable":true,"href":"https:\/\/maisoeste.com.br\/index.php?rest_route=%2Fwp%2Fv2%2Ftags&post=8877"}],"curies":[{"name":"wp","href":"https:\/\/api.w.org\/{rel}","templated":true}]}}