{"id":8885,"date":"2025-10-16T11:06:03","date_gmt":"2025-10-16T14:06:03","guid":{"rendered":"https:\/\/maisoeste.com.br\/?p=8885"},"modified":"2025-10-16T11:06:04","modified_gmt":"2025-10-16T14:06:04","slug":"o-fator-ciro-gomes-na-eleicoes-de-2026","status":"publish","type":"post","link":"https:\/\/maisoeste.com.br\/?p=8885","title":{"rendered":"O fator Ciro Gomes na elei\u00e7\u00f5es de 2026"},"content":{"rendered":"\n<p>O retorno de Ciro Gomes ao debate nacional ocorre em um contexto de reconfigura\u00e7\u00e3o do campo pol\u00edtico brasileiro, marcado pela inegibilidade de Jair Bolsonaro e pela consolida\u00e7\u00e3o de uma nova direita em torno de nomes como Tarc\u00edsio de Freitas, Ratinho Junior e Romeu Zema. Ao voltar a figurar nas pesquisas de inten\u00e7\u00e3o de voto \u2014 com 13% em um cen\u00e1rio sem Bolsonaro, segundo levantamento da Quaest (setembro\/2025) \u2014 Ciro reaparece como uma figura de transi\u00e7\u00e3o: um pol\u00edtico que sobrevive ao colapso das antigas media\u00e7\u00f5es partid\u00e1rias, mas ainda sem conseguir se reinventar plenamente dentro do novo ciclo de polariza\u00e7\u00e3o.<\/p>\n\n\n\n<p>Ex-ministro, ex-governador e candidato \u00e0 Presid\u00eancia em quatro ocasi\u00f5es, Ciro Gomes construiu sua trajet\u00f3ria sobre um discurso desenvolvimentista, ancorado na ideia de que o Estado deve ser indutor do crescimento econ\u00f4mico e da soberania nacional. Essa narrativa, que nos anos 2000 o diferenciou dentro da esquerda, passou a perder lastro pol\u00edtico e emocional com o avan\u00e7o das novas direitas e o enfraquecimento das for\u00e7as de centro. O resultado \u00e9 uma perda de densidade eleitoral: de 13,3 milh\u00f5es de votos em 2018 para 3,6 milh\u00f5es em 2022.<\/p>\n\n\n\n<p><strong>O colapso de um campo discursivo<br><\/strong>A trajet\u00f3ria de Ciro, entre 1998 e 2022, mostra avan\u00e7os pontuais e recuos estruturais. Seu melhor desempenho nacional se deu em 2018, quando conseguiu se projetar como uma alternativa competitiva \u00e0 polariza\u00e7\u00e3o entre Lula e Bolsonaro, especialmente no Nordeste, onde obteve vota\u00e7\u00f5es expressivas no Cear\u00e1, Piau\u00ed e Para\u00edba. No entanto, em 2022, a press\u00e3o pelo voto \u00fatil no primeiro turno desidratou essa base: os 13 milh\u00f5es de votos conquistados quatro anos antes migraram quase integralmente para Lula.<\/p>\n\n\n\n<p>O comportamento digital reflete esse encolhimento. O pico de buscas por Ciro em 2025 n\u00e3o foi motivado por uma guinada program\u00e1tica, mas por um epis\u00f3dio de conflito pessoal \u2014 o pedido de pris\u00e3o preventiva ap\u00f3s ataques verbais a uma prefeita. Seu engajamento no Instagram e no Facebook demonstra uma base restrita, concentrada no Cear\u00e1, e marcada por um decl\u00ednio gradual de intera\u00e7\u00f5es. Entre os 788 coment\u00e1rios analisados, 44,5% foram positivos \u2014 um \u00edndice razo\u00e1vel, mas insuficiente para projetar expans\u00e3o eleitoral.<\/p>\n\n\n\n<p><strong>O impasse da terceira via<br><\/strong>As proje\u00e7\u00f5es para 2026 colocam Ciro diante de tr\u00eas caminhos: disputar o Governo do Cear\u00e1, ser vice em uma chapa de centro\/direita ou tentar reconstruir a chamada \u201cterceira via\u201d. Em qualquer hip\u00f3tese, h\u00e1 um teto objetivo de crescimento. Mesmo monopolizando o voto antipolariza\u00e7\u00e3o, o limite estat\u00edstico gira entre 7% e 10%, insuficiente para romper o binarismo lulismo versus direita bolsonarista.<\/p>\n\n\n\n<p>A hip\u00f3tese de se tornar vice em uma chapa de centro\/direita representa o maior desafio ideol\u00f3gico e estrat\u00e9gico de sua carreira. A alian\u00e7a com um nome como Tarc\u00edsio de Freitas, Romeu Zema ou Ratinho Junior exigiria de Ciro um reposicionamento profundo, com o abandono da centro-esquerda e da ret\u00f3rica nacionalista que o consagrou.<\/p>\n\n\n\n<p>Seu papel, nesse contexto, seria o de \u201cponte simb\u00f3lica\u201d: servir de gancho ideol\u00f3gico entre a direita econ\u00f4mica e a esquerda desenvolvimentista. O movimento teria efeitos mistos. De um lado, agregaria credibilidade program\u00e1tica \u2014 especialmente em temas como planejamento estatal, infraestrutura e pol\u00edtica industrial \u2014 e facilitaria o di\u00e1logo da chapa com setores empresariais e sindicais. De outro, representaria um custo alto em coer\u00eancia e identidade, uma vez que o eleitorado de centro-esquerda tenderia a rejeitar a alian\u00e7a como sinal de capitula\u00e7\u00e3o.<\/p>\n\n\n\n<p><strong>Peso qualitativo e limites eleitorais<br><\/strong>A participa\u00e7\u00e3o de Ciro como vice n\u00e3o ampliaria substancialmente o voto total da chapa, mas poderia agregar valor qualitativo. Sua presen\u00e7a neutralizaria a narrativa de que a candidatura seria express\u00e3o da \u201cpura extrema-direita\u201d, permitindo um discurso de modera\u00e7\u00e3o e racionalidade econ\u00f4mica.<\/p>\n\n\n\n<p>Entretanto, a performance final da chapa dependeria essencialmente da for\u00e7a do cabe\u00e7a \u2014 seja Tarc\u00edsio, Zema, Ratinho ou Caiado. O efeito Ciro seria t\u00e1tico, e n\u00e3o transformador: \u00fatil para suavizar a imagem, mas incapaz de reconfigurar o eleitorado.<br>Na pr\u00e1tica, o risco seria duplo: anular a base hist\u00f3rica de Ciro \u2014 constru\u00edda sobre a cr\u00edtica \u00e0 direita neoliberal \u2014 e n\u00e3o conquistar plenamente o eleitorado de centro\/direita, que ainda o enxerga como um \u201cex-petista ressentido\u201d. Trata-se, portanto, de uma estrat\u00e9gia de alto risco e baixo retorno, mais \u00fatil para a comunica\u00e7\u00e3o da chapa do que para o fortalecimento de sua pr\u00f3pria trajet\u00f3ria pol\u00edtica.<\/p>\n\n\n\n<p><strong><em>Texto\/\/Yuri Almeida &#8211; professor, estrategista pol\u00edtico e especialista em marketing eleitoral<\/em><\/strong><\/p>\n","protected":false},"excerpt":{"rendered":"<p>O retorno de Ciro Gomes ao debate nacional ocorre em um contexto de reconfigura\u00e7\u00e3o do campo pol\u00edtico brasileiro, marcado pela inegibilidade de Jair Bolsonaro e pela consolida\u00e7\u00e3o de uma nova direita em torno de nomes como Tarc\u00edsio de Freitas, Ratinho Junior e Romeu Zema. Ao voltar a figurar nas pesquisas de inten\u00e7\u00e3o de voto \u2014 [&hellip;]<\/p>\n","protected":false},"author":1,"featured_media":8430,"comment_status":"open","ping_status":"closed","sticky":false,"template":"","format":"standard","meta":{"site-sidebar-layout":"default","site-content-layout":"","ast-site-content-layout":"default","site-content-style":"default","site-sidebar-style":"default","ast-global-header-display":"","ast-banner-title-visibility":"","ast-main-header-display":"","ast-hfb-above-header-display":"","ast-hfb-below-header-display":"","ast-hfb-mobile-header-display":"","site-post-title":"","ast-breadcrumbs-content":"","ast-featured-img":"","footer-sml-layout":"","theme-transparent-header-meta":"","adv-header-id-meta":"","stick-header-meta":"","header-above-stick-meta":"","header-main-stick-meta":"","header-below-stick-meta":"","astra-migrate-meta-layouts":"set","ast-page-background-enabled":"default","ast-page-background-meta":{"desktop":{"background-color":"var(--ast-global-color-4)","background-image":"","background-repeat":"repeat","background-position":"center center","background-size":"auto","background-attachment":"scroll","background-type":"","background-media":"","overlay-type":"","overlay-color":"","overlay-opacity":"","overlay-gradient":""},"tablet":{"background-color":"","background-image":"","background-repeat":"repeat","background-position":"center center","background-size":"auto","background-attachment":"scroll","background-type":"","background-media":"","overlay-type":"","overlay-color":"","overlay-opacity":"","overlay-gradient":""},"mobile":{"background-color":"","background-image":"","background-repeat":"repeat","background-position":"center center","background-size":"auto","background-attachment":"scroll","background-type":"","background-media":"","overlay-type":"","overlay-color":"","overlay-opacity":"","overlay-gradient":""}},"ast-content-background-meta":{"desktop":{"background-color":"var(--ast-global-color-5)","background-image":"","background-repeat":"repeat","background-position":"center center","background-size":"auto","background-attachment":"scroll","background-type":"","background-media":"","overlay-type":"","overlay-color":"","overlay-opacity":"","overlay-gradient":""},"tablet":{"background-color":"var(--ast-global-color-5)","background-image":"","background-repeat":"repeat","background-position":"center center","background-size":"auto","background-attachment":"scroll","background-type":"","background-media":"","overlay-type":"","overlay-color":"","overlay-opacity":"","overlay-gradient":""},"mobile":{"background-color":"var(--ast-global-color-5)","background-image":"","background-repeat":"repeat","background-position":"center center","background-size":"auto","background-attachment":"scroll","background-type":"","background-media":"","overlay-type":"","overlay-color":"","overlay-opacity":"","overlay-gradient":""}},"footnotes":""},"categories":[4],"tags":[],"class_list":["post-8885","post","type-post","status-publish","format-standard","has-post-thumbnail","hentry","category-brasil"],"_links":{"self":[{"href":"https:\/\/maisoeste.com.br\/index.php?rest_route=\/wp\/v2\/posts\/8885","targetHints":{"allow":["GET"]}}],"collection":[{"href":"https:\/\/maisoeste.com.br\/index.php?rest_route=\/wp\/v2\/posts"}],"about":[{"href":"https:\/\/maisoeste.com.br\/index.php?rest_route=\/wp\/v2\/types\/post"}],"author":[{"embeddable":true,"href":"https:\/\/maisoeste.com.br\/index.php?rest_route=\/wp\/v2\/users\/1"}],"replies":[{"embeddable":true,"href":"https:\/\/maisoeste.com.br\/index.php?rest_route=%2Fwp%2Fv2%2Fcomments&post=8885"}],"version-history":[{"count":1,"href":"https:\/\/maisoeste.com.br\/index.php?rest_route=\/wp\/v2\/posts\/8885\/revisions"}],"predecessor-version":[{"id":8886,"href":"https:\/\/maisoeste.com.br\/index.php?rest_route=\/wp\/v2\/posts\/8885\/revisions\/8886"}],"wp:featuredmedia":[{"embeddable":true,"href":"https:\/\/maisoeste.com.br\/index.php?rest_route=\/wp\/v2\/media\/8430"}],"wp:attachment":[{"href":"https:\/\/maisoeste.com.br\/index.php?rest_route=%2Fwp%2Fv2%2Fmedia&parent=8885"}],"wp:term":[{"taxonomy":"category","embeddable":true,"href":"https:\/\/maisoeste.com.br\/index.php?rest_route=%2Fwp%2Fv2%2Fcategories&post=8885"},{"taxonomy":"post_tag","embeddable":true,"href":"https:\/\/maisoeste.com.br\/index.php?rest_route=%2Fwp%2Fv2%2Ftags&post=8885"}],"curies":[{"name":"wp","href":"https:\/\/api.w.org\/{rel}","templated":true}]}}