{"id":9001,"date":"2025-10-22T07:28:28","date_gmt":"2025-10-22T10:28:28","guid":{"rendered":"https:\/\/maisoeste.com.br\/?p=9001"},"modified":"2025-10-22T07:28:29","modified_gmt":"2025-10-22T10:28:29","slug":"jovem-morre-apos-tomar-remedio-para-disfuncao-eretil-e-sofrer-parada-cardiaca-na-bahia","status":"publish","type":"post","link":"https:\/\/maisoeste.com.br\/?p=9001","title":{"rendered":"Jovem morre ap\u00f3s tomar rem\u00e9dio para disfun\u00e7\u00e3o er\u00e9til e sofrer parada card\u00edaca na Bahia"},"content":{"rendered":"\n<p>Um jovem de 23 anos morreu na segunda-feira (20), ap\u00f3s sofrer uma parada card\u00edaca em uma unidade de sa\u00fade de\u00a0Feira de Santana, segunda maior cidade da Bahia.\u00a0O homem chegou ao local passando mal e relatou ter ingerido um medicamento para disfun\u00e7\u00e3o er\u00e9til antes de participar de uma partida de futebol.\u00a0O caso \u00e9 investigado pela\u00a0Pol\u00edcia Civil.<\/p>\n\n\n\n<p>De acordo com informa\u00e7\u00f5es apuradas pela TV\u202fSuba\u00e9, afiliada da Rede\u202fBahia na regi\u00e3o, o jovem deu entrada na pol\u00edcl\u00ednica do distrito de Maria\u202fQuit\u00e9ria, zona rural da cidade, no final da tarde de domingo (19), acompanhado pelos pais, relatando fortes dores de cabe\u00e7a e dor atr\u00e1s dos olhos.<\/p>\n\n\n\n<p>No prontu\u00e1rio consta a informa\u00e7\u00e3o de que o jovem permaneceu em observa\u00e7\u00e3o durante a noite, mas apresentou piora na madrugada. A equipe da unidade de sa\u00fade realizou tentativas de reanima\u00e7\u00e3o, mas n\u00e3o teve sucesso. Ele sofreu uma parada card\u00edaca e morreu por volta das 8h40 de segunda\u2011feira (20).<\/p>\n\n\n\n<p>O Departamento\u202fde\u202fPol\u00edcia\u202fT\u00e9cnica (DPT) foi acionado para realizar per\u00edcia e necropsia, que devem confirmar as causas da morte.<\/p>\n\n\n\n<p>A 2\u00aa\u202fDelegacia\u202fTerritorial (DT) de Feira de Santana investiga o caso como morte a esclarecer. N\u00e3o h\u00e1 informa\u00e7\u00f5es sobre vel\u00f3rio e sepultamento da v\u00edtima.<\/p>\n\n\n\n<p>Fonte\/\/G1<\/p>\n","protected":false},"excerpt":{"rendered":"<p>Um jovem de 23 anos morreu na segunda-feira (20), ap\u00f3s sofrer uma parada card\u00edaca em uma unidade de sa\u00fade de\u00a0Feira de Santana, segunda maior cidade da Bahia.\u00a0O homem chegou ao local passando mal e relatou ter ingerido um medicamento para disfun\u00e7\u00e3o er\u00e9til antes de participar de uma partida de futebol.\u00a0O caso \u00e9 investigado pela\u00a0Pol\u00edcia Civil. [&hellip;]<\/p>\n","protected":false},"author":1,"featured_media":9002,"comment_status":"open","ping_status":"closed","sticky":false,"template":"","format":"standard","meta":{"site-sidebar-layout":"default","site-content-layout":"","ast-site-content-layout":"default","site-content-style":"default","site-sidebar-style":"default","ast-global-header-display":"","ast-banner-title-visibility":"","ast-main-header-display":"","ast-hfb-above-header-display":"","ast-hfb-below-header-display":"","ast-hfb-mobile-header-display":"","site-post-title":"","ast-breadcrumbs-content":"","ast-featured-img":"","footer-sml-layout":"","theme-transparent-header-meta":"","adv-header-id-meta":"","stick-header-meta":"","header-above-stick-meta":"","header-main-stick-meta":"","header-below-stick-meta":"","astra-migrate-meta-layouts":"set","ast-page-background-enabled":"default","ast-page-background-meta":{"desktop":{"background-color":"var(--ast-global-color-4)","background-image":"","background-repeat":"repeat","background-position":"center center","background-size":"auto","background-attachment":"scroll","background-type":"","background-media":"","overlay-type":"","overlay-color":"","overlay-opacity":"","overlay-gradient":""},"tablet":{"background-color":"","background-image":"","background-repeat":"repeat","background-position":"center center","background-size":"auto","background-attachment":"scroll","background-type":"","background-media":"","overlay-type":"","overlay-color":"","overlay-opacity":"","overlay-gradient":""},"mobile":{"background-color":"","background-image":"","background-repeat":"repeat","background-position":"center center","background-size":"auto","background-attachment":"scroll","background-type":"","background-media":"","overlay-type":"","overlay-color":"","overlay-opacity":"","overlay-gradient":""}},"ast-content-background-meta":{"desktop":{"background-color":"var(--ast-global-color-5)","background-image":"","background-repeat":"repeat","background-position":"center center","background-size":"auto","background-attachment":"scroll","background-type":"","background-media":"","overlay-type":"","overlay-color":"","overlay-opacity":"","overlay-gradient":""},"tablet":{"background-color":"var(--ast-global-color-5)","background-image":"","background-repeat":"repeat","background-position":"center center","background-size":"auto","background-attachment":"scroll","background-type":"","background-media":"","overlay-type":"","overlay-color":"","overlay-opacity":"","overlay-gradient":""},"mobile":{"background-color":"var(--ast-global-color-5)","background-image":"","background-repeat":"repeat","background-position":"center center","background-size":"auto","background-attachment":"scroll","background-type":"","background-media":"","overlay-type":"","overlay-color":"","overlay-opacity":"","overlay-gradient":""}},"footnotes":""},"categories":[4],"tags":[],"class_list":["post-9001","post","type-post","status-publish","format-standard","has-post-thumbnail","hentry","category-brasil"],"_links":{"self":[{"href":"https:\/\/maisoeste.com.br\/index.php?rest_route=\/wp\/v2\/posts\/9001","targetHints":{"allow":["GET"]}}],"collection":[{"href":"https:\/\/maisoeste.com.br\/index.php?rest_route=\/wp\/v2\/posts"}],"about":[{"href":"https:\/\/maisoeste.com.br\/index.php?rest_route=\/wp\/v2\/types\/post"}],"author":[{"embeddable":true,"href":"https:\/\/maisoeste.com.br\/index.php?rest_route=\/wp\/v2\/users\/1"}],"replies":[{"embeddable":true,"href":"https:\/\/maisoeste.com.br\/index.php?rest_route=%2Fwp%2Fv2%2Fcomments&post=9001"}],"version-history":[{"count":1,"href":"https:\/\/maisoeste.com.br\/index.php?rest_route=\/wp\/v2\/posts\/9001\/revisions"}],"predecessor-version":[{"id":9003,"href":"https:\/\/maisoeste.com.br\/index.php?rest_route=\/wp\/v2\/posts\/9001\/revisions\/9003"}],"wp:featuredmedia":[{"embeddable":true,"href":"https:\/\/maisoeste.com.br\/index.php?rest_route=\/wp\/v2\/media\/9002"}],"wp:attachment":[{"href":"https:\/\/maisoeste.com.br\/index.php?rest_route=%2Fwp%2Fv2%2Fmedia&parent=9001"}],"wp:term":[{"taxonomy":"category","embeddable":true,"href":"https:\/\/maisoeste.com.br\/index.php?rest_route=%2Fwp%2Fv2%2Fcategories&post=9001"},{"taxonomy":"post_tag","embeddable":true,"href":"https:\/\/maisoeste.com.br\/index.php?rest_route=%2Fwp%2Fv2%2Ftags&post=9001"}],"curies":[{"name":"wp","href":"https:\/\/api.w.org\/{rel}","templated":true}]}}