{"id":9082,"date":"2025-10-25T06:43:00","date_gmt":"2025-10-25T09:43:00","guid":{"rendered":"https:\/\/maisoeste.com.br\/?p=9082"},"modified":"2025-10-25T06:43:02","modified_gmt":"2025-10-25T09:43:02","slug":"barreiras-reune-empreendedoras-em-talk-show-sobre-autocuidado-e-forca-feminina-no-outubro-rosa","status":"publish","type":"post","link":"https:\/\/maisoeste.com.br\/?p=9082","title":{"rendered":"Barreiras re\u00fane empreendedoras em talk show sobre autocuidado e for\u00e7a feminina no Outubro Rosa"},"content":{"rendered":"\n<p>O Centro Cultural Rivelino Silva de Carvalho foi o espa\u00e7o inspirador de um encontro que reuniu mulheres empreendedoras para discutir sa\u00fade, supera\u00e7\u00e3o e empoderamento feminino, dentro da programa\u00e7\u00e3o do Outubro Rosa em Barreiras, nesta quinta-feira (23). O evento, intitulado \u201cConectadas pela for\u00e7a de ser e empreender\u201d, foi promovido pela Prefeitura de Barreiras, por meio da Secretaria de Ind\u00fastria, Com\u00e9rcio e Servi\u00e7os, em parceria com o CMEC Barreiras, CDL, ACEB e outras institui\u00e7\u00f5es apoiadoras.<\/p>\n\n\n\n<p>Com o formato de talk show, a noite foi marcada por reflex\u00f5es e trocas de experi\u00eancias entre as participantes e o p\u00fablico. As convidadas compartilharam hist\u00f3rias e conhecimentos que dialogam com o tema central da campanha \u2014 a import\u00e2ncia do autocuidado e da preven\u00e7\u00e3o ao c\u00e2ncer de mama.<\/p>\n\n\n\n<p>A Dra. Raquel Alvim, m\u00e9dica ginecologista e obstetra, abriu o debate destacando a relev\u00e2ncia da preven\u00e7\u00e3o e do diagn\u00f3stico precoce. Em seguida, a psic\u00f3loga Vera Bianchi trouxe a contribui\u00e7\u00e3o da psicologia, abordando como o equil\u00edbrio emocional e o cuidado com a mente fortalecem o processo de enfrentamento e a qualidade de vida.<\/p>\n\n\n\n<p>A advogada Dra. H\u00e9lica Souza tratou do direito das mulheres ao diagn\u00f3stico e ao tratamento r\u00e1pido pelo SUS, refor\u00e7ando a import\u00e2ncia de conhecer e reivindicar os pr\u00f3prios direitos na rede p\u00fablica de sa\u00fade. J\u00e1 Roza Souza, empreendedora no ramo financeiro, compartilhou um depoimento emocionante de supera\u00e7\u00e3o, inspirando a plateia com sua trajet\u00f3ria de coragem e resili\u00eancia.&nbsp;Encerrando o ciclo de falas, Adlacy&nbsp;Frota Muller destacou a import\u00e2ncia do autocuidado como forma de amor pr\u00f3prio, ressaltando que \u201ccuidar de si \u00e9 o primeiro passo para poder cuidar dos outros\u201d.<\/p>\n\n\n\n<p>A noite foi de emo\u00e7\u00e3o, troca e identifica\u00e7\u00e3o. O p\u00fablico participou ativamente, relatando experi\u00eancias pessoais e refor\u00e7ando a rede de apoio entre mulheres. Ao lado da subsecret\u00e1ria Cristiane Pacheco e demais integrantes da equipe, a secret\u00e1ria Mori\u00e1 Hummel, destacou que o evento simbolizou o poder da conex\u00e3o feminina e o papel transformador da escuta e da partilha.<\/p>\n\n\n\n<p>\u201cFoi uma noite de sensibiliza\u00e7\u00e3o e fortalecimento. Reunir mulheres de diferentes \u00e1reas para falar de sa\u00fade, de empoderamento e de empreendedorismo \u00e9 tamb\u00e9m uma forma de cuidar da cidade. O Outubro Rosa vai muito al\u00e9m da preven\u00e7\u00e3o ao c\u00e2ncer de mama \u2014 \u00e9 um movimento de amor, de uni\u00e3o e de valoriza\u00e7\u00e3o da mulher em todos os aspectos\u201d, destacou.<\/p>\n\n\n\n<p>O \u201cConectadas pela for\u00e7a de ser e empreender\u201d contou com o apoio do Espa\u00e7o Sua Vita, Laser Dream, Sabin Diagn\u00f3stico e Sa\u00fade, CRCBA Delas e rede Amigas Empreendedoras de Barreiras-BA. O encontro encerrou com sorteio de brindes e uma mensagem un\u00e2nime entre as participantes: cuidar de si \u00e9 o gesto mais poderoso de amor e preven\u00e7\u00e3o.<\/p>\n\n\n\n<p><strong>Dircom<\/strong><\/p>\n","protected":false},"excerpt":{"rendered":"<p>O Centro Cultural Rivelino Silva de Carvalho foi o espa\u00e7o inspirador de um encontro que reuniu mulheres empreendedoras para discutir sa\u00fade, supera\u00e7\u00e3o e empoderamento feminino, dentro da programa\u00e7\u00e3o do Outubro Rosa em Barreiras, nesta quinta-feira (23). O evento, intitulado \u201cConectadas pela for\u00e7a de ser e empreender\u201d, foi promovido pela Prefeitura de Barreiras, por meio da [&hellip;]<\/p>\n","protected":false},"author":1,"featured_media":9084,"comment_status":"open","ping_status":"closed","sticky":false,"template":"","format":"standard","meta":{"site-sidebar-layout":"default","site-content-layout":"","ast-site-content-layout":"default","site-content-style":"default","site-sidebar-style":"default","ast-global-header-display":"","ast-banner-title-visibility":"","ast-main-header-display":"","ast-hfb-above-header-display":"","ast-hfb-below-header-display":"","ast-hfb-mobile-header-display":"","site-post-title":"","ast-breadcrumbs-content":"","ast-featured-img":"","footer-sml-layout":"","theme-transparent-header-meta":"","adv-header-id-meta":"","stick-header-meta":"","header-above-stick-meta":"","header-main-stick-meta":"","header-below-stick-meta":"","astra-migrate-meta-layouts":"set","ast-page-background-enabled":"default","ast-page-background-meta":{"desktop":{"background-color":"var(--ast-global-color-4)","background-image":"","background-repeat":"repeat","background-position":"center center","background-size":"auto","background-attachment":"scroll","background-type":"","background-media":"","overlay-type":"","overlay-color":"","overlay-opacity":"","overlay-gradient":""},"tablet":{"background-color":"","background-image":"","background-repeat":"repeat","background-position":"center center","background-size":"auto","background-attachment":"scroll","background-type":"","background-media":"","overlay-type":"","overlay-color":"","overlay-opacity":"","overlay-gradient":""},"mobile":{"background-color":"","background-image":"","background-repeat":"repeat","background-position":"center center","background-size":"auto","background-attachment":"scroll","background-type":"","background-media":"","overlay-type":"","overlay-color":"","overlay-opacity":"","overlay-gradient":""}},"ast-content-background-meta":{"desktop":{"background-color":"var(--ast-global-color-5)","background-image":"","background-repeat":"repeat","background-position":"center center","background-size":"auto","background-attachment":"scroll","background-type":"","background-media":"","overlay-type":"","overlay-color":"","overlay-opacity":"","overlay-gradient":""},"tablet":{"background-color":"var(--ast-global-color-5)","background-image":"","background-repeat":"repeat","background-position":"center center","background-size":"auto","background-attachment":"scroll","background-type":"","background-media":"","overlay-type":"","overlay-color":"","overlay-opacity":"","overlay-gradient":""},"mobile":{"background-color":"var(--ast-global-color-5)","background-image":"","background-repeat":"repeat","background-position":"center center","background-size":"auto","background-attachment":"scroll","background-type":"","background-media":"","overlay-type":"","overlay-color":"","overlay-opacity":"","overlay-gradient":""}},"footnotes":""},"categories":[45],"tags":[],"class_list":["post-9082","post","type-post","status-publish","format-standard","has-post-thumbnail","hentry","category-esportes"],"_links":{"self":[{"href":"https:\/\/maisoeste.com.br\/index.php?rest_route=\/wp\/v2\/posts\/9082","targetHints":{"allow":["GET"]}}],"collection":[{"href":"https:\/\/maisoeste.com.br\/index.php?rest_route=\/wp\/v2\/posts"}],"about":[{"href":"https:\/\/maisoeste.com.br\/index.php?rest_route=\/wp\/v2\/types\/post"}],"author":[{"embeddable":true,"href":"https:\/\/maisoeste.com.br\/index.php?rest_route=\/wp\/v2\/users\/1"}],"replies":[{"embeddable":true,"href":"https:\/\/maisoeste.com.br\/index.php?rest_route=%2Fwp%2Fv2%2Fcomments&post=9082"}],"version-history":[{"count":1,"href":"https:\/\/maisoeste.com.br\/index.php?rest_route=\/wp\/v2\/posts\/9082\/revisions"}],"predecessor-version":[{"id":9085,"href":"https:\/\/maisoeste.com.br\/index.php?rest_route=\/wp\/v2\/posts\/9082\/revisions\/9085"}],"wp:featuredmedia":[{"embeddable":true,"href":"https:\/\/maisoeste.com.br\/index.php?rest_route=\/wp\/v2\/media\/9084"}],"wp:attachment":[{"href":"https:\/\/maisoeste.com.br\/index.php?rest_route=%2Fwp%2Fv2%2Fmedia&parent=9082"}],"wp:term":[{"taxonomy":"category","embeddable":true,"href":"https:\/\/maisoeste.com.br\/index.php?rest_route=%2Fwp%2Fv2%2Fcategories&post=9082"},{"taxonomy":"post_tag","embeddable":true,"href":"https:\/\/maisoeste.com.br\/index.php?rest_route=%2Fwp%2Fv2%2Ftags&post=9082"}],"curies":[{"name":"wp","href":"https:\/\/api.w.org\/{rel}","templated":true}]}}