{"id":9104,"date":"2025-10-25T11:22:38","date_gmt":"2025-10-25T14:22:38","guid":{"rendered":"https:\/\/maisoeste.com.br\/?p=9104"},"modified":"2025-10-25T11:22:39","modified_gmt":"2025-10-25T14:22:39","slug":"lula-se-retrata-apos-dizer-que-traficantes-sao-vitimas-fiz-frase-mal-colocada","status":"publish","type":"post","link":"https:\/\/maisoeste.com.br\/?p=9104","title":{"rendered":"Lula se retrata ap\u00f3s dizer que traficantes s\u00e3o &#8216;v\u00edtimas&#8217;: &#8216;Fiz frase mal colocada&#8217;"},"content":{"rendered":"\n<p>O presidente\u00a0Luiz In\u00e1cio Lula da Silva\u00a0(PT) se retratou nesta sexta-feira (24) por uma frase em que\u00a0<strong>comparou traficantes a v\u00edtimas de usu\u00e1rios de drogas.<\/strong><\/p>\n\n\n\n<p>O coment\u00e1rio foi feito durante uma coletiva de imprensa em Jacarta, na Indon\u00e9sia, e repercutiu negativamente,\u00a0principalmente entre a oposi\u00e7\u00e3o. &#8220;Fiz uma frase mal colocada nesta quinta e quero dizer que meu posicionamento \u00e9 muito claro contra os traficantes e o crime organizado&#8221;, escreveu em uma rede social.<\/p>\n\n\n\n<p>Durante a coletiva, o petista falava sobre o enfrentamento \u00e0s drogas e disse que seria &#8220;mais f\u00e1cil&#8221;, para Brasil e Estados Unidos, &#8220;combater viciados&#8221;.<\/p>\n\n\n\n<p><strong>Para refor\u00e7ar seu posicionamento,\u00a0Lula\u00a0afirmou: &#8220;Os usu\u00e1rios s\u00e3o respons\u00e1veis pelos traficantes, que s\u00e3o v\u00edtimas dos usu\u00e1rios tamb\u00e9m&#8221;.<\/strong><\/p>\n\n\n\n<p>Lula fez o coment\u00e1rio ao ser questionado sobre falas do presidente dos Estados Unidos,\u00a0Donald Trump, que disse n\u00e3o ser necess\u00e1ria uma declara\u00e7\u00e3o de guerra para matar traficantes de drogas.<\/p>\n\n\n\n<p>Ao se justificar nesta sexta, o presidente brasileiro minimizou o seu discurso e frisou: &#8220;mais do que palavras s\u00e3o as a\u00e7\u00f5es&#8221; que o governo dele vem realizando.<\/p>\n\n\n\n<p>Nesse contexto citou iniciativas do Executivo no combate ao crime e\u00a0a opera\u00e7\u00e3o Carbono Oculto, que desarticulou um esquema criminoso bilion\u00e1rio no setor de combust\u00edveis\u00a0comandado pelo Primeiro Comando da Capital (PCC).<\/p>\n\n\n\n<p>&#8220;Mais importante do que as palavras s\u00e3o as a\u00e7\u00f5es que o meu governo vem realizando, como \u00e9 o caso da maior opera\u00e7\u00e3o da hist\u00f3ria contra o crime organizado, o encaminhamento ao Congresso da PEC da Seguran\u00e7a P\u00fablica e os recordes na apreens\u00e3o de drogas no pa\u00eds&#8221;, destacou na mensagem.<\/p>\n\n\n\n<p>&#8220;Continuaremos firmes no enfrentamento ao tr\u00e1fico de drogas e ao crime organizado&#8221;, prosseguiu.<\/p>\n\n\n\n<p><em>O governo Trump tem travado uma ofensiva no mar do Caribe sob o argumento de mirar traficantes de drogas.\u00a0Nesta semana, o presidente americano tamb\u00e9m admitiu ter autorizado opera\u00e7\u00f5es secretas da Ag\u00eancia Central de Intelig\u00eancia (CIA, na sigla em ingl\u00eas) na Venezuela, de Nicol\u00e1s Maduro.<\/em><\/p>\n\n\n\n<p>Lula e Trump devem se encontrar neste domingo (26)\u00a0em uma agenda paralela \u00e0 c\u00fapula do sudeste asi\u00e1tico. O presidente brasileiro d\u00e1 a reuni\u00e3o como certa e\u00a0afirmou que n\u00e3o h\u00e1 assunto proibido entre os dois mandat\u00e1rios.<\/p>\n\n\n\n<p>Essa ser\u00e1 a primeira vez que os dois se re\u00fanem oficialmente desde o in\u00edcio da crise provocada pelo\u00a0tarifa\u00e7o de 50% aplicado pelos Estados Unidos a produtos brasileiros.<\/p>\n\n\n\n<p>Antes disso,\u00a0Lula e Trump apenas se falaram por telefone\u00a0e se encontraram rapidamente na Assembleia Geral das Na\u00e7\u00f5es Unidas, nos Estados Unidos, em setembro, quando\u00a0Trump descreveu ter tido uma &#8220;qu\u00edmica excelente&#8221; com Lula.<\/p>\n\n\n\n<p>Fonte\/\/G1<\/p>\n","protected":false},"excerpt":{"rendered":"<p>O presidente\u00a0Luiz In\u00e1cio Lula da Silva\u00a0(PT) se retratou nesta sexta-feira (24) por uma frase em que\u00a0comparou traficantes a v\u00edtimas de usu\u00e1rios de drogas. O coment\u00e1rio foi feito durante uma coletiva de imprensa em Jacarta, na Indon\u00e9sia, e repercutiu negativamente,\u00a0principalmente entre a oposi\u00e7\u00e3o. &#8220;Fiz uma frase mal colocada nesta quinta e quero dizer que meu posicionamento [&hellip;]<\/p>\n","protected":false},"author":1,"featured_media":9105,"comment_status":"open","ping_status":"closed","sticky":false,"template":"","format":"standard","meta":{"site-sidebar-layout":"default","site-content-layout":"","ast-site-content-layout":"default","site-content-style":"default","site-sidebar-style":"default","ast-global-header-display":"","ast-banner-title-visibility":"","ast-main-header-display":"","ast-hfb-above-header-display":"","ast-hfb-below-header-display":"","ast-hfb-mobile-header-display":"","site-post-title":"","ast-breadcrumbs-content":"","ast-featured-img":"","footer-sml-layout":"","theme-transparent-header-meta":"","adv-header-id-meta":"","stick-header-meta":"","header-above-stick-meta":"","header-main-stick-meta":"","header-below-stick-meta":"","astra-migrate-meta-layouts":"set","ast-page-background-enabled":"default","ast-page-background-meta":{"desktop":{"background-color":"var(--ast-global-color-4)","background-image":"","background-repeat":"repeat","background-position":"center center","background-size":"auto","background-attachment":"scroll","background-type":"","background-media":"","overlay-type":"","overlay-color":"","overlay-opacity":"","overlay-gradient":""},"tablet":{"background-color":"","background-image":"","background-repeat":"repeat","background-position":"center center","background-size":"auto","background-attachment":"scroll","background-type":"","background-media":"","overlay-type":"","overlay-color":"","overlay-opacity":"","overlay-gradient":""},"mobile":{"background-color":"","background-image":"","background-repeat":"repeat","background-position":"center center","background-size":"auto","background-attachment":"scroll","background-type":"","background-media":"","overlay-type":"","overlay-color":"","overlay-opacity":"","overlay-gradient":""}},"ast-content-background-meta":{"desktop":{"background-color":"var(--ast-global-color-5)","background-image":"","background-repeat":"repeat","background-position":"center center","background-size":"auto","background-attachment":"scroll","background-type":"","background-media":"","overlay-type":"","overlay-color":"","overlay-opacity":"","overlay-gradient":""},"tablet":{"background-color":"var(--ast-global-color-5)","background-image":"","background-repeat":"repeat","background-position":"center center","background-size":"auto","background-attachment":"scroll","background-type":"","background-media":"","overlay-type":"","overlay-color":"","overlay-opacity":"","overlay-gradient":""},"mobile":{"background-color":"var(--ast-global-color-5)","background-image":"","background-repeat":"repeat","background-position":"center center","background-size":"auto","background-attachment":"scroll","background-type":"","background-media":"","overlay-type":"","overlay-color":"","overlay-opacity":"","overlay-gradient":""}},"footnotes":""},"categories":[4],"tags":[],"class_list":["post-9104","post","type-post","status-publish","format-standard","has-post-thumbnail","hentry","category-brasil"],"_links":{"self":[{"href":"https:\/\/maisoeste.com.br\/index.php?rest_route=\/wp\/v2\/posts\/9104","targetHints":{"allow":["GET"]}}],"collection":[{"href":"https:\/\/maisoeste.com.br\/index.php?rest_route=\/wp\/v2\/posts"}],"about":[{"href":"https:\/\/maisoeste.com.br\/index.php?rest_route=\/wp\/v2\/types\/post"}],"author":[{"embeddable":true,"href":"https:\/\/maisoeste.com.br\/index.php?rest_route=\/wp\/v2\/users\/1"}],"replies":[{"embeddable":true,"href":"https:\/\/maisoeste.com.br\/index.php?rest_route=%2Fwp%2Fv2%2Fcomments&post=9104"}],"version-history":[{"count":1,"href":"https:\/\/maisoeste.com.br\/index.php?rest_route=\/wp\/v2\/posts\/9104\/revisions"}],"predecessor-version":[{"id":9106,"href":"https:\/\/maisoeste.com.br\/index.php?rest_route=\/wp\/v2\/posts\/9104\/revisions\/9106"}],"wp:featuredmedia":[{"embeddable":true,"href":"https:\/\/maisoeste.com.br\/index.php?rest_route=\/wp\/v2\/media\/9105"}],"wp:attachment":[{"href":"https:\/\/maisoeste.com.br\/index.php?rest_route=%2Fwp%2Fv2%2Fmedia&parent=9104"}],"wp:term":[{"taxonomy":"category","embeddable":true,"href":"https:\/\/maisoeste.com.br\/index.php?rest_route=%2Fwp%2Fv2%2Fcategories&post=9104"},{"taxonomy":"post_tag","embeddable":true,"href":"https:\/\/maisoeste.com.br\/index.php?rest_route=%2Fwp%2Fv2%2Ftags&post=9104"}],"curies":[{"name":"wp","href":"https:\/\/api.w.org\/{rel}","templated":true}]}}