{"id":9110,"date":"2025-10-25T11:29:51","date_gmt":"2025-10-25T14:29:51","guid":{"rendered":"https:\/\/maisoeste.com.br\/?p=9110"},"modified":"2025-10-25T11:29:52","modified_gmt":"2025-10-25T14:29:52","slug":"delegada-e-afastada-e-respondera-a-processo-disciplinar-no-oeste-da-bahia","status":"publish","type":"post","link":"https:\/\/maisoeste.com.br\/?p=9110","title":{"rendered":"Delegada \u00e9 afastada e responder\u00e1 a processo disciplinar no Oeste da Bahia"},"content":{"rendered":"\n<p>O delegado-geral da Pol\u00edcia Civil da Bahia, Andr\u00e9 Viana, determinou o afastamento cautelar e a abertura de um Processo Administrativo Disciplinar (PAD) contra a delegada titular da Delegacia Territorial de Cocos, no Oeste da Bahia. De acordo com o site Folha do Vale, as medidas se baseia em alega\u00e7\u00f5es de condutas impr\u00f3prias entre 2023 e 2025, apuradas em Procedimento Investigativo Criminal e em uma a\u00e7\u00e3o penal sob segredo de Justi\u00e7a.<\/p>\n\n\n\n<p>De acordo com a portaria, ser\u00e1 apurada a suspeita de que a servidora teria deixado de praticar, de forma reiterada, atos de of\u00edcio para atender interesse pessoal. Entre as acusa\u00e7\u00f5es est\u00e3o omiss\u00e3o no cumprimento de requisi\u00e7\u00f5es ministeriais e decis\u00f5es judiciais, o que teria levado \u00e0 prescri\u00e7\u00e3o de a\u00e7\u00f5es, al\u00e9m de descumprimento de mandados de pris\u00e3o.<\/p>\n\n\n\n<p>Tamb\u00e9m ser\u00e3o apuradas supostas interfer\u00eancias em \u00f3rg\u00e3os de prote\u00e7\u00e3o, como Conselho Tutelar e CREAS, inser\u00e7\u00e3o de informa\u00e7\u00f5es falsas em documentos e poss\u00edvel favorecimento a um vereador preso por tentativa de homic\u00eddio, cuja conduta teria sido desclassificada para les\u00e3o leve.<\/p>\n\n\n\n<p>H\u00e1 ainda suspeita de neglig\u00eancia que teria permitido a fuga de um preso e a soltura irregular de outro sem alvar\u00e1. A portaria cumpre decis\u00e3o judicial que pro\u00edbe a delegada de portar arma, acessar unidades da Pol\u00edcia Civil na comarca e manter contato com servidores ou testemunhas.<\/p>\n\n\n\n<p>Fonte: Folha do Vale<\/p>\n","protected":false},"excerpt":{"rendered":"<p>O delegado-geral da Pol\u00edcia Civil da Bahia, Andr\u00e9 Viana, determinou o afastamento cautelar e a abertura de um Processo Administrativo Disciplinar (PAD) contra a delegada titular da Delegacia Territorial de Cocos, no Oeste da Bahia. De acordo com o site Folha do Vale, as medidas se baseia em alega\u00e7\u00f5es de condutas impr\u00f3prias entre 2023 e [&hellip;]<\/p>\n","protected":false},"author":1,"featured_media":7957,"comment_status":"open","ping_status":"closed","sticky":false,"template":"","format":"standard","meta":{"site-sidebar-layout":"default","site-content-layout":"","ast-site-content-layout":"default","site-content-style":"default","site-sidebar-style":"default","ast-global-header-display":"","ast-banner-title-visibility":"","ast-main-header-display":"","ast-hfb-above-header-display":"","ast-hfb-below-header-display":"","ast-hfb-mobile-header-display":"","site-post-title":"","ast-breadcrumbs-content":"","ast-featured-img":"","footer-sml-layout":"","theme-transparent-header-meta":"","adv-header-id-meta":"","stick-header-meta":"","header-above-stick-meta":"","header-main-stick-meta":"","header-below-stick-meta":"","astra-migrate-meta-layouts":"set","ast-page-background-enabled":"default","ast-page-background-meta":{"desktop":{"background-color":"var(--ast-global-color-4)","background-image":"","background-repeat":"repeat","background-position":"center center","background-size":"auto","background-attachment":"scroll","background-type":"","background-media":"","overlay-type":"","overlay-color":"","overlay-opacity":"","overlay-gradient":""},"tablet":{"background-color":"","background-image":"","background-repeat":"repeat","background-position":"center center","background-size":"auto","background-attachment":"scroll","background-type":"","background-media":"","overlay-type":"","overlay-color":"","overlay-opacity":"","overlay-gradient":""},"mobile":{"background-color":"","background-image":"","background-repeat":"repeat","background-position":"center center","background-size":"auto","background-attachment":"scroll","background-type":"","background-media":"","overlay-type":"","overlay-color":"","overlay-opacity":"","overlay-gradient":""}},"ast-content-background-meta":{"desktop":{"background-color":"var(--ast-global-color-5)","background-image":"","background-repeat":"repeat","background-position":"center center","background-size":"auto","background-attachment":"scroll","background-type":"","background-media":"","overlay-type":"","overlay-color":"","overlay-opacity":"","overlay-gradient":""},"tablet":{"background-color":"var(--ast-global-color-5)","background-image":"","background-repeat":"repeat","background-position":"center center","background-size":"auto","background-attachment":"scroll","background-type":"","background-media":"","overlay-type":"","overlay-color":"","overlay-opacity":"","overlay-gradient":""},"mobile":{"background-color":"var(--ast-global-color-5)","background-image":"","background-repeat":"repeat","background-position":"center center","background-size":"auto","background-attachment":"scroll","background-type":"","background-media":"","overlay-type":"","overlay-color":"","overlay-opacity":"","overlay-gradient":""}},"footnotes":""},"categories":[4],"tags":[],"class_list":["post-9110","post","type-post","status-publish","format-standard","has-post-thumbnail","hentry","category-brasil"],"_links":{"self":[{"href":"https:\/\/maisoeste.com.br\/index.php?rest_route=\/wp\/v2\/posts\/9110","targetHints":{"allow":["GET"]}}],"collection":[{"href":"https:\/\/maisoeste.com.br\/index.php?rest_route=\/wp\/v2\/posts"}],"about":[{"href":"https:\/\/maisoeste.com.br\/index.php?rest_route=\/wp\/v2\/types\/post"}],"author":[{"embeddable":true,"href":"https:\/\/maisoeste.com.br\/index.php?rest_route=\/wp\/v2\/users\/1"}],"replies":[{"embeddable":true,"href":"https:\/\/maisoeste.com.br\/index.php?rest_route=%2Fwp%2Fv2%2Fcomments&post=9110"}],"version-history":[{"count":1,"href":"https:\/\/maisoeste.com.br\/index.php?rest_route=\/wp\/v2\/posts\/9110\/revisions"}],"predecessor-version":[{"id":9111,"href":"https:\/\/maisoeste.com.br\/index.php?rest_route=\/wp\/v2\/posts\/9110\/revisions\/9111"}],"wp:featuredmedia":[{"embeddable":true,"href":"https:\/\/maisoeste.com.br\/index.php?rest_route=\/wp\/v2\/media\/7957"}],"wp:attachment":[{"href":"https:\/\/maisoeste.com.br\/index.php?rest_route=%2Fwp%2Fv2%2Fmedia&parent=9110"}],"wp:term":[{"taxonomy":"category","embeddable":true,"href":"https:\/\/maisoeste.com.br\/index.php?rest_route=%2Fwp%2Fv2%2Fcategories&post=9110"},{"taxonomy":"post_tag","embeddable":true,"href":"https:\/\/maisoeste.com.br\/index.php?rest_route=%2Fwp%2Fv2%2Ftags&post=9110"}],"curies":[{"name":"wp","href":"https:\/\/api.w.org\/{rel}","templated":true}]}}